{"id":888,"date":"2020-06-19T17:05:42","date_gmt":"2020-06-19T17:05:42","guid":{"rendered":"https:\/\/metalteco.com\/?p=6131"},"modified":"2022-10-06T16:31:37","modified_gmt":"2022-10-06T16:31:37","slug":"carne-de-cerdo-de-colombia-para-el-mundo","status":"publish","type":"post","link":"https:\/\/metalteco.com\/en\/carne-de-cerdo-de-colombia-para-el-mundo\/","title":{"rendered":"Carne de Cerdo: De Colombia Para el Mundo"},"content":{"rendered":"<div data-elementor-type=\"wp-post\" data-elementor-id=\"888\" class=\"elementor elementor-888\" data-elementor-post-type=\"post\">\n\t\t\t\t\t\t<div class=\"elementor-section elementor-top-section elementor-element elementor-element-b2bec01 elementor-section-full_width elementor-section-stretched elementor-section-height-default elementor-section-height-default\" data-id=\"b2bec01\" data-element_type=\"section\" data-e-type=\"section\" data-settings=\"{&quot;stretch_section&quot;:&quot;section-stretched&quot;}\">\n\t\t\t\t\t\t<div class=\"elementor-container elementor-column-gap-no\">\n\t\t\t\t\t<div class=\"elementor-column elementor-col-100 elementor-top-column elementor-element elementor-element-fe24424\" data-id=\"fe24424\" data-element_type=\"column\" data-e-type=\"column\">\n\t\t\t<div class=\"elementor-widget-wrap elementor-element-populated\">\n\t\t\t\t\t\t<div class=\"elementor-element elementor-element-37f396f elementor-widget elementor-widget-template\" data-id=\"37f396f\" data-element_type=\"widget\" data-e-type=\"widget\" data-widget_type=\"template.default\">\n\t\t\t\t<div class=\"elementor-widget-container\">\n\t\t\t\t\t\t\t<div class=\"elementor-template\">\n\t\t\t\t\t<div data-elementor-type=\"section\" data-elementor-id=\"3704\" class=\"elementor elementor-3704\" data-elementor-post-type=\"elementor_library\">\n\t\t\t\t\t<header class=\"elementor-section elementor-top-section elementor-element elementor-element-2c57f14 elementor-section-full_width elementor-section-height-min-height elementor-section-items-bottom elementor-section-height-default\" data-id=\"2c57f14\" data-element_type=\"section\" data-e-type=\"section\" data-settings=\"{&quot;background_background&quot;:&quot;classic&quot;}\">\n\t\t\t\t\t\t<div class=\"elementor-container elementor-column-gap-no\">\n\t\t\t\t\t<div class=\"elementor-column elementor-col-100 elementor-top-column elementor-element elementor-element-cd12d8f\" data-id=\"cd12d8f\" data-element_type=\"column\" data-e-type=\"column\">\n\t\t\t<div class=\"elementor-widget-wrap elementor-element-populated\">\n\t\t\t\t\t\t<section class=\"elementor-section elementor-inner-section elementor-element elementor-element-3e3bbfb elementor-section-boxed elementor-section-height-default elementor-section-height-default\" data-id=\"3e3bbfb\" data-element_type=\"section\" data-e-type=\"section\">\n\t\t\t\t\t\t<div class=\"elementor-container elementor-column-gap-default\">\n\t\t\t\t\t<div class=\"elementor-column elementor-col-100 elementor-inner-column elementor-element elementor-element-82c992e\" data-id=\"82c992e\" data-element_type=\"column\" data-e-type=\"column\">\n\t\t\t<div class=\"elementor-widget-wrap elementor-element-populated\">\n\t\t\t\t\t\t<div class=\"elementor-element elementor-element-d2156ad elementor-widget elementor-widget-heading\" data-id=\"d2156ad\" data-element_type=\"widget\" data-e-type=\"widget\" data-widget_type=\"heading.default\">\n\t\t\t\t<div class=\"elementor-widget-container\">\n\t\t\t\t\t<h2 class=\"elementor-heading-title elementor-size-default\">Metalteco<\/h2>\t\t\t\t<\/div>\n\t\t\t\t<\/div>\n\t\t\t\t<div class=\"elementor-element elementor-element-a0a031e elementor-widget elementor-widget-heading\" data-id=\"a0a031e\" data-element_type=\"widget\" data-e-type=\"widget\" data-widget_type=\"heading.default\">\n\t\t\t\t<div class=\"elementor-widget-container\">\n\t\t\t\t\t<h2 class=\"elementor-heading-title elementor-size-default\">Our News.<\/h2>\t\t\t\t<\/div>\n\t\t\t\t<\/div>\n\t\t\t\t\t<\/div>\n\t\t<\/div>\n\t\t\t\t\t<\/div>\n\t\t<\/section>\n\t\t\t\t\t<\/div>\n\t\t<\/div>\n\t\t\t\t\t<\/div>\n\t\t<\/header>\n\t\t\t\t<\/div>\n\t\t\t\t<\/div>\n\t\t\t\t\t\t<\/div>\n\t\t\t\t<\/div>\n\t\t\t\t\t<\/div>\n\t\t<\/div>\n\t\t\t\t\t<\/div>\n\t\t<\/div>\n\t\t\t\t<section class=\"elementor-section elementor-top-section elementor-element elementor-element-72ce03d7 elementor-section-stretched elementor-section-boxed elementor-section-height-default elementor-section-height-default\" data-id=\"72ce03d7\" data-element_type=\"section\" data-e-type=\"section\" data-settings=\"{&quot;stretch_section&quot;:&quot;section-stretched&quot;}\">\n\t\t\t\t\t\t<div class=\"elementor-container elementor-column-gap-no\">\n\t\t\t\t\t<div class=\"elementor-column elementor-col-66 elementor-top-column elementor-element elementor-element-6a51b32c\" data-id=\"6a51b32c\" data-element_type=\"column\" data-e-type=\"column\" data-settings=\"{&quot;background_background&quot;:&quot;classic&quot;}\">\n\t\t\t<div class=\"elementor-widget-wrap elementor-element-populated\">\n\t\t\t\t\t\t<div class=\"elementor-element elementor-element-411c0759 elementor-widget elementor-widget-heading\" data-id=\"411c0759\" data-element_type=\"widget\" data-e-type=\"widget\" data-widget_type=\"heading.default\">\n\t\t\t\t<div class=\"elementor-widget-container\">\n\t\t\t\t\t<h1 class=\"elementor-heading-title elementor-size-default\">CARNE DE CERDO: DE COLOMBIA PARA EL MUNDO<span style=\"color: #ed1c24\">.<\/span><\/h1>\t\t\t\t<\/div>\n\t\t\t\t<\/div>\n\t\t\t\t<div class=\"elementor-element elementor-element-106c196a elementor-widget elementor-widget-image\" data-id=\"106c196a\" data-element_type=\"widget\" data-e-type=\"widget\" data-widget_type=\"image.default\">\n\t\t\t\t<div class=\"elementor-widget-container\">\n\t\t\t\t\t\t\t\t\t\t\t\t\t\t\t<img fetchpriority=\"high\" decoding=\"async\" width=\"1024\" height=\"512\" src=\"https:\/\/metalteco.com\/wp-content\/uploads\/2022\/08\/carne-de-cerdo-exportacion-1024x512.jpg\" class=\"attachment-large size-large wp-image-4013\" alt=\"\" srcset=\"https:\/\/metalteco.com\/wp-content\/uploads\/2022\/08\/carne-de-cerdo-exportacion-1024x512.jpg 1024w, https:\/\/metalteco.com\/wp-content\/uploads\/2022\/08\/carne-de-cerdo-exportacion-300x150.jpg 300w, https:\/\/metalteco.com\/wp-content\/uploads\/2022\/08\/carne-de-cerdo-exportacion-768x384.jpg 768w, https:\/\/metalteco.com\/wp-content\/uploads\/2022\/08\/carne-de-cerdo-exportacion.jpg 1200w\" sizes=\"(max-width: 1024px) 100vw, 1024px\" \/>\t\t\t\t\t\t\t\t\t\t\t\t\t\t\t<\/div>\n\t\t\t\t<\/div>\n\t\t\t\t<div class=\"elementor-element elementor-element-524068ae elementor-widget elementor-widget-text-editor\" data-id=\"524068ae\" data-element_type=\"widget\" data-e-type=\"widget\" data-widget_type=\"text-editor.default\">\n\t\t\t\t<div class=\"elementor-widget-container\">\n\t\t\t\t\t\t\t\t\t<p>El pasado 12 de junio se realiz\u00f3 la primera exportaci\u00f3n de carne de cerdo colombiana a Costa de Marfil. Esto fue posible gracias a las acciones realizadas por Porkcolombia y la Comercializadora Internacional C.I Porko, quienes acordaron que ese ser\u00eda el primero de tres despachos.<\/p>\t\t\t\t\t\t\t\t<\/div>\n\t\t\t\t<\/div>\n\t\t\t\t<div class=\"elementor-element elementor-element-38bfffaa elementor-widget elementor-widget-text-editor\" data-id=\"38bfffaa\" data-element_type=\"widget\" data-e-type=\"widget\" data-widget_type=\"text-editor.default\">\n\t\t\t\t<div class=\"elementor-widget-container\">\n\t\t\t\t\t\t\t\t\t<p><span style=\"font-size: 18px;\">El cargamento se realiz\u00f3 desde el Puerto de Cartagena. Los contenedores restantes se enviar\u00edan el 22 de junio y el 6 de julio. Cabe recordar que en el 2019 se realiz\u00f3 el primer env\u00edo de carne de cerdo a un pa\u00eds africano, lo que ubica a esta exportaci\u00f3n del 12 de junio como la segunda gran exportaci\u00f3n.<\/span><\/p>\t\t\t\t\t\t\t\t<\/div>\n\t\t\t\t<\/div>\n\t\t\t\t<div class=\"elementor-element elementor-element-b19dc5a elementor-widget elementor-widget-text-editor\" data-id=\"b19dc5a\" data-element_type=\"widget\" data-e-type=\"widget\" data-widget_type=\"text-editor.default\">\n\t\t\t\t<div class=\"elementor-widget-container\">\n\t\t\t\t\t\t\t\t\t<p><span style=\"color: #333333;\">Equipo Relacionado:<\/span> <span style=\"color: #ff0000;\"><a style=\"color: #ff0000;\" href=\"https:\/\/metalteco.com\/en\/feed-milling-equipment-hammer-mill\/\"><strong> Molino de Martillos<\/strong><\/a><\/span><\/p>\t\t\t\t\t\t\t\t<\/div>\n\t\t\t\t<\/div>\n\t\t\t\t<div class=\"elementor-element elementor-element-46a1de42 elementor-widget elementor-widget-text-editor\" data-id=\"46a1de42\" data-element_type=\"widget\" data-e-type=\"widget\" data-widget_type=\"text-editor.default\">\n\t\t\t\t<div class=\"elementor-widget-container\">\n\t\t\t\t\t\t\t\t\t<p>As\u00ed mismo, por primera vez los asi\u00e1ticos podr\u00e1n degustar el sabor caracter\u00edstico de la carne de cerdo colombiana, con el primer env\u00edo de 100 toneladas a Hong Kong que est\u00e1 previsto entre junio y julio del presente a\u00f1o. El Instituto Agropecuario Colombiano ICA fue una de las entidades encargadas de realizar el acompa\u00f1amiento e inspecciones necesarias para lograr con \u00e9xito estas exportaciones.<\/p>\t\t\t\t\t\t\t\t<\/div>\n\t\t\t\t<\/div>\n\t\t\t\t<div class=\"elementor-element elementor-element-5d64139c elementor-widget elementor-widget-text-editor\" data-id=\"5d64139c\" data-element_type=\"widget\" data-e-type=\"widget\" data-widget_type=\"text-editor.default\">\n\t\t\t\t<div class=\"elementor-widget-container\">\n\t\t\t\t\t\t\t\t\t<p><strong><em>La Organizaci\u00f3n de las Naciones Unidas para la alimentaci\u00f3n y la agricultura (FAO) estim\u00f3 que en el a\u00f1o 2019 las exportaciones de carne de cerdo a otros pa\u00edses tuvieron un incremento del 12% a comparaci\u00f3n con el a\u00f1o 2018.<\/em><\/strong><\/p>\t\t\t\t\t\t\t\t<\/div>\n\t\t\t\t<\/div>\n\t\t\t\t<div class=\"elementor-element elementor-element-3364eabc elementor-widget elementor-widget-text-editor\" data-id=\"3364eabc\" data-element_type=\"widget\" data-e-type=\"widget\" data-widget_type=\"text-editor.default\">\n\t\t\t\t<div class=\"elementor-widget-container\">\n\t\t\t\t\t\t\t\t\t<p>El cargamento tuvo un peso de 25 toneladas por embarque y gener\u00f3 gran impacto y beneficio para las plantas Super Cerdo Paisa \u2013 Antioquia y Carnes y Derivados del Occidente \u2013 Valle del Cauca, cuya participaci\u00f3n en exportaciones se hace por segunda vez. La planta Frigot\u00fan Pereira \u2013 Risaralda, tambi\u00e9n particip\u00f3, y esta es fue su primera exportaci\u00f3n.<\/p>\t\t\t\t\t\t\t\t<\/div>\n\t\t\t\t<\/div>\n\t\t\t\t<div class=\"elementor-element elementor-element-a821c47 elementor-widget elementor-widget-text-editor\" data-id=\"a821c47\" data-element_type=\"widget\" data-e-type=\"widget\" data-widget_type=\"text-editor.default\">\n\t\t\t\t<div class=\"elementor-widget-container\">\n\t\t\t\t\t\t\t\t\t<p><span style=\"color: #333333;\">Equipo Relacionado:<\/span> <strong><span style=\"color: #ff0000;\"><a style=\"color: #ff0000;\" href=\"https:\/\/metalteco.com\/en\/feed-milling-equipment-pelletizing-machine-pltz-420\/\">\u00a0Peletizadora 420<\/a><\/span><\/strong><\/p>\t\t\t\t\t\t\t\t<\/div>\n\t\t\t\t<\/div>\n\t\t\t\t<div class=\"elementor-element elementor-element-4eb7cf93 elementor-widget elementor-widget-text-editor\" data-id=\"4eb7cf93\" data-element_type=\"widget\" data-e-type=\"widget\" data-widget_type=\"text-editor.default\">\n\t\t\t\t<div class=\"elementor-widget-container\">\n\t\t\t\t\t\t\t\t\t<p>Los Proveedores Porcival, Cervalle, Agroindustrias el Sam\u00e1n y el Guacimo Valle del Cauca, tambi\u00e9n hicieron parte de este proceso mediante la aportaci\u00f3n de sus productos. El potencial exportador en el Sector Porc\u00edcola Colombiano ha sido reconocido y valorado por el ICA, el Invima, ProColombia y el Ministerio de Agricultura, siendo su apoyo parte vital para lograr la materializaci\u00f3n de esta primera exportaci\u00f3n en el 2020.<\/p>\t\t\t\t\t\t\t\t<\/div>\n\t\t\t\t<\/div>\n\t\t\t\t<div class=\"elementor-element elementor-element-173c640a elementor-widget elementor-widget-text-editor\" data-id=\"173c640a\" data-element_type=\"widget\" data-e-type=\"widget\" data-widget_type=\"text-editor.default\">\n\t\t\t\t<div class=\"elementor-widget-container\">\n\t\t\t\t\t\t\t\t\t<p>Es de gran importancia para la porcicultura de nuestro pa\u00eds la consolidaci\u00f3n de estos acuerdos internacionales, que se generan en momentos de crisis en el comercio mundial de alimentos.<\/p>\t\t\t\t\t\t\t\t<\/div>\n\t\t\t\t<\/div>\n\t\t\t\t<div class=\"elementor-element elementor-element-1ab23e3d elementor-widget elementor-widget-text-editor\" data-id=\"1ab23e3d\" data-element_type=\"widget\" data-e-type=\"widget\" data-widget_type=\"text-editor.default\">\n\t\t\t\t<div class=\"elementor-widget-container\">\n\t\t\t\t\t\t\t\t\t<p><span style=\"color: #333333;\">References: <\/span><span style=\"color: #333300;\">En l\u00ednea<\/span>\u00a0 &#8211; <strong><span style=\"color: #ff0000;\"><a style=\"color: #ff0000;\" href=\"https:\/\/porcino.info\/costa-de-marfil-y-hong-kong-recibiran-carne-de-cerdo-colombiana\/\">https:\/\/porcino.info\/<\/a><\/span><\/strong><\/p><p><strong><span style=\"color: #ff0000;\"><a style=\"color: #ff0000;\" href=\"https:\/\/www.miporkcolombia.co\/primera-exportacion-de-carne-de-cerdo-colombiana-a-costa-de-marfil\/\">https:\/\/www.miporkcolombia\/<\/a><\/span><\/strong><\/p>\t\t\t\t\t\t\t\t<\/div>\n\t\t\t\t<\/div>\n\t\t\t\t\t<\/div>\n\t\t<\/div>\n\t\t\t\t<div class=\"elementor-column elementor-col-33 elementor-top-column elementor-element elementor-element-78a41953 elementor-hidden-tablet\" data-id=\"78a41953\" data-element_type=\"column\" data-e-type=\"column\" data-settings=\"{&quot;background_background&quot;:&quot;classic&quot;}\">\n\t\t\t<div class=\"elementor-widget-wrap elementor-element-populated\">\n\t\t\t\t\t\t<div class=\"elementor-element elementor-element-6d1e80ce elementor-hidden-phone elementor-widget elementor-widget-template\" data-id=\"6d1e80ce\" data-element_type=\"widget\" data-e-type=\"widget\" data-widget_type=\"template.default\">\n\t\t\t\t<div class=\"elementor-widget-container\">\n\t\t\t\t\t\t\t<div class=\"elementor-template\">\n\t\t\t\t\t<div data-elementor-type=\"section\" data-elementor-id=\"4322\" class=\"elementor elementor-4322\" data-elementor-post-type=\"elementor_library\">\n\t\t\t\t\t<article class=\"elementor-section elementor-top-section elementor-element elementor-element-2f674ed0 elementor-section-full_width elementor-section-height-default elementor-section-height-default\" data-id=\"2f674ed0\" data-element_type=\"section\" data-e-type=\"section\">\n\t\t\t\t\t\t<div class=\"elementor-container elementor-column-gap-no\">\n\t\t\t\t\t<div class=\"elementor-column elementor-col-100 elementor-top-column elementor-element elementor-element-3000edbc\" data-id=\"3000edbc\" data-element_type=\"column\" data-e-type=\"column\">\n\t\t\t<div class=\"elementor-widget-wrap elementor-element-populated\">\n\t\t\t\t\t\t<div class=\"elementor-element elementor-element-74dbaac3 elementor-widget elementor-widget-image\" data-id=\"74dbaac3\" data-element_type=\"widget\" data-e-type=\"widget\" data-widget_type=\"image.default\">\n\t\t\t\t<div class=\"elementor-widget-container\">\n\t\t\t\t\t\t\t\t\t\t\t\t\t\t\t\t<a href=\"https:\/\/metalteco.com\/en\/catalogs\/\">\n\t\t\t\t\t\t\t<img decoding=\"async\" width=\"300\" height=\"600\" src=\"https:\/\/metalteco.com\/wp-content\/uploads\/2022\/09\/metalteco-banner-catalogos-informacion.jpg\" class=\"attachment-full size-full wp-image-4321\" alt=\"\" srcset=\"https:\/\/metalteco.com\/wp-content\/uploads\/2022\/09\/metalteco-banner-catalogos-informacion.jpg 300w, https:\/\/metalteco.com\/wp-content\/uploads\/2022\/09\/metalteco-banner-catalogos-informacion-150x300.jpg 150w\" sizes=\"(max-width: 300px) 100vw, 300px\" \/>\t\t\t\t\t\t\t\t<\/a>\n\t\t\t\t\t\t\t\t\t\t\t\t\t\t\t<\/div>\n\t\t\t\t<\/div>\n\t\t\t\t\t<\/div>\n\t\t<\/div>\n\t\t\t\t\t<\/div>\n\t\t<\/article>\n\t\t\t\t<\/div>\n\t\t\t\t<\/div>\n\t\t\t\t\t\t<\/div>\n\t\t\t\t<\/div>\n\t\t\t\t<div class=\"elementor-element elementor-element-2b72254f elementor-hidden-phone elementor-widget elementor-widget-eael-post-list\" data-id=\"2b72254f\" data-element_type=\"widget\" data-e-type=\"widget\" data-widget_type=\"eael-post-list.default\">\n\t\t\t\t<div class=\"elementor-widget-container\">\n\t\t\t\t\t<div class=\"eael-post-list-container default layout-default\"><div class=\"eael-post-list-header\"><div class=\"header-title\">\n                            <h2 class=\"title\">Contenido Metalteco<\/h2>\n                        <\/div><\/div><div class=\"eael-post-list-wrap\"><div class=\"eael-post-list-posts-wrap eael-post-appender eael-post-appender-2b72254f\"><div class=\"eael-post-list-post\"><div class=\"eael-post-list-thumbnail\"><a href=\"https:\/\/metalteco.com\/en\/feed-milling-equipment-pelletizer-pltz-630\/\">\n                            <img decoding=\"async\" src=\"https:\/\/metalteco.com\/wp-content\/uploads\/2019\/03\/miniatura-peletizadora-pltz-25-metalteco.jpg\" alt=\"Miniature concentrated food equipment: Pelletizer Pltz 630\">\n                        <\/a><\/div><div class=\"eael-post-list-content\"><h2 class=\"eael-post-list-title\"><a href=\"https:\/\/metalteco.com\/en\/feed-milling-equipment-pelletizer-pltz-630\/\" >PELLETIZER PLTZ 630<\/a><\/h2><div class=\"meta\"><span class=\"eael-post-published-date\"><i class=\"far fa-calendar-alt\"><\/i> January 17, 2020<\/span><\/div><\/div><\/div><div class=\"eael-post-list-post\"><div class=\"eael-post-list-thumbnail\"><a href=\"https:\/\/metalteco.com\/en\/feed-milling-equipment-storage-silos\/\">\n                            <img decoding=\"async\" src=\"https:\/\/metalteco.com\/wp-content\/uploads\/2019\/07\/miniatura-almacenamiento-metalteco.jpg\" alt=\"miniature equipment concentrated foodstuffs Storage Silo\">\n                        <\/a><\/div><div class=\"eael-post-list-content\"><h2 class=\"eael-post-list-title\"><a href=\"https:\/\/metalteco.com\/en\/feed-milling-equipment-storage-silos\/\" >STORAGE SILOS<\/a><\/h2><div class=\"meta\"><span class=\"eael-post-published-date\"><i class=\"far fa-calendar-alt\"><\/i> January 13, 2020<\/span><\/div><\/div><\/div><div class=\"eael-post-list-post\"><div class=\"eael-post-list-thumbnail\"><a href=\"https:\/\/metalteco.com\/en\/pellet-coating-oiler\/\">\n                            <img decoding=\"async\" src=\"https:\/\/metalteco.com\/wp-content\/uploads\/engrasador-pellet-miniatura.jpg\" alt=\"Miniature Concentrated Food Equipment: Lubrication Systems\">\n                        <\/a><\/div><div class=\"eael-post-list-content\"><h2 class=\"eael-post-list-title\"><a href=\"https:\/\/metalteco.com\/en\/pellet-coating-oiler\/\" >GREASE GUN - PELLET COATER<\/a><\/h2><div class=\"meta\"><span class=\"eael-post-published-date\"><i class=\"far fa-calendar-alt\"><\/i> January 16, 2020<\/span><\/div><\/div><\/div><div class=\"eael-post-list-post\"><div class=\"eael-post-list-thumbnail\"><a href=\"https:\/\/metalteco.com\/en\/feed-milling-equipment-bucket-elevator\/\">\n                            <img decoding=\"async\" src=\"https:\/\/metalteco.com\/wp-content\/uploads\/2019\/07\/miniatura-elevadores-de-cangilones-metalteco.jpg\" alt=\"Miniature port equipment: Bucket Elevators\">\n                        <\/a><\/div><div class=\"eael-post-list-content\"><h2 class=\"eael-post-list-title\"><a href=\"https:\/\/metalteco.com\/en\/feed-milling-equipment-bucket-elevator\/\" >BUCKET ELEVATOR<\/a><\/h2><div class=\"meta\"><span class=\"eael-post-published-date\"><i class=\"far fa-calendar-alt\"><\/i> January 13, 2020<\/span><\/div><\/div><\/div><div class=\"eael-post-list-post\"><div class=\"eael-post-list-thumbnail\"><a href=\"https:\/\/metalteco.com\/en\/feed-milling-equipment-pelletizer-pltz-800\/\">\n                            <img decoding=\"async\" src=\"https:\/\/metalteco.com\/wp-content\/uploads\/2019\/12\/miniatura-peletizadora-ptlz-800-metalteco.jpg\" alt=\"Miniature concentrated food equipment: Ptlz 800 Pelletizer\">\n                        <\/a><\/div><div class=\"eael-post-list-content\"><h2 class=\"eael-post-list-title\"><a href=\"https:\/\/metalteco.com\/en\/feed-milling-equipment-pelletizer-pltz-800\/\" >PELLETIZER PLTZ 800<\/a><\/h2><div class=\"meta\"><span class=\"eael-post-published-date\"><i class=\"far fa-calendar-alt\"><\/i> January 17, 2020<\/span><\/div><\/div><\/div><div class=\"eael-post-list-post\"><div class=\"eael-post-list-thumbnail\"><a href=\"https:\/\/metalteco.com\/en\/rotary-grain-cleaner-2\/\">\n                            <img decoding=\"async\" src=\"https:\/\/metalteco.com\/wp-content\/uploads\/limpiadora-de-cereales-rotativa-metalteco.jpg\" alt=\"\">\n                        <\/a><\/div><div class=\"eael-post-list-content\"><h2 class=\"eael-post-list-title\"><a href=\"https:\/\/metalteco.com\/en\/rotary-grain-cleaner-2\/\" >ROTARY GRAIN CLEANER<\/a><\/h2><div class=\"meta\"><span class=\"eael-post-published-date\"><i class=\"far fa-calendar-alt\"><\/i> January 13, 2020<\/span><\/div><\/div><\/div><div class=\"eael-post-list-post\"><div class=\"eael-post-list-thumbnail\"><a href=\"https:\/\/metalteco.com\/en\/feed-milling-equipment-vibratory-discharger\/\">\n                            <img decoding=\"async\" src=\"https:\/\/metalteco.com\/wp-content\/uploads\/2019\/11\/miniatura-descargador-vibratorio-metalteco.jpg\" alt=\"Miniature Concentrated Food Equipment: Vibratory Discharger\">\n                        <\/a><\/div><div class=\"eael-post-list-content\"><h2 class=\"eael-post-list-title\"><a href=\"https:\/\/metalteco.com\/en\/feed-milling-equipment-vibratory-discharger\/\" >VIBRATORY UNLOADER<\/a><\/h2><div class=\"meta\"><span class=\"eael-post-published-date\"><i class=\"far fa-calendar-alt\"><\/i> January 13, 2020<\/span><\/div><\/div><\/div><div class=\"eael-post-list-post\"><div class=\"eael-post-list-thumbnail\"><a href=\"https:\/\/metalteco.com\/en\/vibrating-impact-shale-shaker\/\">\n                            <img decoding=\"async\" src=\"https:\/\/metalteco.com\/wp-content\/uploads\/zaranda-vibratoria-impacto-tamiz-miniatura.jpg\" alt=\"\">\n                        <\/a><\/div><div class=\"eael-post-list-content\"><h2 class=\"eael-post-list-title\"><a href=\"https:\/\/metalteco.com\/en\/vibrating-impact-shale-shaker\/\" >IMPACT - VIBRATING SHALE SHAKER<\/a><\/h2><div class=\"meta\"><span class=\"eael-post-published-date\"><i class=\"far fa-calendar-alt\"><\/i> January 16, 2020<\/span><\/div><\/div><\/div><\/div><\/div>\n\t\t<\/div>\t\t\t\t<\/div>\n\t\t\t\t<\/div>\n\t\t\t\t<div class=\"elementor-element elementor-element-8053b52 elementor-widget elementor-widget-template\" data-id=\"8053b52\" data-element_type=\"widget\" data-e-type=\"widget\" data-widget_type=\"template.default\">\n\t\t\t\t<div class=\"elementor-widget-container\">\n\t\t\t\t\t\t\t<div class=\"elementor-template\">\n\t\t\t\t\t<div data-elementor-type=\"page\" data-elementor-id=\"4319\" class=\"elementor elementor-4319\" data-elementor-post-type=\"elementor_library\">\n\t\t\t\t\t\t<article class=\"elementor-section elementor-top-section elementor-element elementor-element-78132fa6 elementor-section-boxed elementor-section-height-default elementor-section-height-default\" data-id=\"78132fa6\" data-element_type=\"section\" data-e-type=\"section\">\n\t\t\t\t\t\t<div class=\"elementor-container elementor-column-gap-no\">\n\t\t\t\t\t<div class=\"elementor-column elementor-col-100 elementor-top-column elementor-element elementor-element-601d55d1\" data-id=\"601d55d1\" data-element_type=\"column\" data-e-type=\"column\">\n\t\t\t<div class=\"elementor-widget-wrap elementor-element-populated\">\n\t\t\t\t\t\t<div class=\"elementor-element elementor-element-8da9cf7 elementor-widget elementor-widget-image\" data-id=\"8da9cf7\" data-element_type=\"widget\" data-e-type=\"widget\" data-widget_type=\"image.default\">\n\t\t\t\t<div class=\"elementor-widget-container\">\n\t\t\t\t\t\t\t\t\t\t\t\t\t\t\t\t<a href=\"https:\/\/metalteco.com\/en\/servicio-corte-laser-industrial\/\">\n\t\t\t\t\t\t\t<img decoding=\"async\" width=\"300\" height=\"250\" src=\"https:\/\/metalteco.com\/wp-content\/uploads\/2022\/09\/metalteco-corte-laser.jpg\" class=\"attachment-full size-full wp-image-4318\" alt=\"\" \/>\t\t\t\t\t\t\t\t<\/a>\n\t\t\t\t\t\t\t\t\t\t\t\t\t\t\t<\/div>\n\t\t\t\t<\/div>\n\t\t\t\t\t<\/div>\n\t\t<\/div>\n\t\t\t\t\t<\/div>\n\t\t<\/article>\n\t\t\t\t<\/div>\n\t\t\t\t<\/div>\n\t\t\t\t\t\t<\/div>\n\t\t\t\t<\/div>\n\t\t\t\t\t<\/div>\n\t\t<\/div>\n\t\t\t\t\t<\/div>\n\t\t<\/section>\n\t\t\t\t<section class=\"elementor-section elementor-top-section elementor-element elementor-element-49a2bb06 elementor-section-full_width elementor-section-height-default elementor-section-height-default\" data-id=\"49a2bb06\" data-element_type=\"section\" data-e-type=\"section\">\n\t\t\t\t\t\t<div class=\"elementor-container elementor-column-gap-no\">\n\t\t\t\t\t<div class=\"elementor-column elementor-col-100 elementor-top-column elementor-element elementor-element-bf0b6b7\" data-id=\"bf0b6b7\" data-element_type=\"column\" data-e-type=\"column\">\n\t\t\t<div class=\"elementor-widget-wrap elementor-element-populated\">\n\t\t\t\t\t\t<div class=\"elementor-element elementor-element-34e4a09 elementor-widget elementor-widget-heading\" data-id=\"34e4a09\" data-element_type=\"widget\" data-e-type=\"widget\" data-widget_type=\"heading.default\">\n\t\t\t\t<div class=\"elementor-widget-container\">\n\t\t\t\t\t<h4 class=\"elementor-heading-title elementor-size-default\">Related Products<\/h4>\t\t\t\t<\/div>\n\t\t\t\t<\/div>\n\t\t\t\t<div class=\"elementor-element elementor-element-43327fcf elementor-grid-eael-col-4 elementor-grid-tablet-eael-col-2 elementor-grid-mobile-eael-col-1 elementor-widget elementor-widget-eael-post-grid\" data-id=\"43327fcf\" data-element_type=\"widget\" data-e-type=\"widget\" data-settings=\"{&quot;eael_post_grid_columns&quot;:&quot;eael-col-4&quot;,&quot;eael_post_grid_columns_tablet&quot;:&quot;eael-col-2&quot;,&quot;eael_post_grid_columns_mobile&quot;:&quot;eael-col-1&quot;}\" data-widget_type=\"eael-post-grid.default\">\n\t\t\t\t<div class=\"elementor-widget-container\">\n\t\t\t\t\t<div id=\"eael-post-grid-43327fcf\" class=\"eael-post-grid-container\">\n            <div class=\"eael-post-grid eael-post-appender eael-post-appender-43327fcf eael-post-grid-style-one\" data-layout-mode=\"masonry\"><article class=\"eael-grid-post  eael-post-grid-column eael-pg-post-13641 category-proyectos-alimentos-concentrados tags-balanceados-contegral-plantas-proyecto\" data-id=\"13641\">\n        <div class=\"eael-grid-post-holder\">\n            <div class=\"eael-grid-post-holder-inner\"><div class=\"eael-entry-media\"><div class=\"eael-entry-overlay fade-in\"><img decoding=\"async\" src=\"https:\/\/metalteco.com\/wp-content\/uploads\/2022\/08\/icono-metalteco.svg\" alt=\"Metalteco Icon\" \/><a href=\"https:\/\/metalteco.com\/en\/proyectos-concentrados-contegral-cartago-planta-balanceados\/\"><\/a><\/div><div class=\"eael-entry-thumbnail\">\n                <img loading=\"lazy\" decoding=\"async\" width=\"600\" height=\"600\" src=\"https:\/\/metalteco.com\/wp-content\/uploads\/2024\/08\/contegral-cartago-planta-balanceados-min.webp\" class=\"attachment-full size-full wp-image-13642\" alt=\"Contegral Cartago Balanced Feed Mill by Metalteco\" srcset=\"https:\/\/metalteco.com\/wp-content\/uploads\/2024\/08\/contegral-cartago-planta-balanceados-min.webp 600w, https:\/\/metalteco.com\/wp-content\/uploads\/2024\/08\/contegral-cartago-planta-balanceados-min-300x300.webp 300w, https:\/\/metalteco.com\/wp-content\/uploads\/2024\/08\/contegral-cartago-planta-balanceados-min-150x150.webp 150w\" sizes=\"(max-width: 600px) 100vw, 600px\" \/>\n            <\/div>\n        <\/div><div class=\"eael-entry-wrapper\"><header class=\"eael-entry-header\"><h2 class=\"eael-entry-title\"><a class=\"eael-grid-post-link\" href=\"https:\/\/metalteco.com\/en\/proyectos-concentrados-contegral-cartago-planta-balanceados\/\" title=\"CONTEGRAL CARTAGO - BALANCING PLANT\">CONTEGRAL CARTAGO - BALANCING PLANT<\/a><\/h2><\/header><\/div><\/div>\n        <\/div>\n    <\/article><article class=\"eael-grid-post  eael-post-grid-column eael-pg-post-797 category-proyectos-alimentos-concentrados\" data-id=\"797\">\n        <div class=\"eael-grid-post-holder\">\n            <div class=\"eael-grid-post-holder-inner\"><div class=\"eael-entry-media\"><div class=\"eael-entry-overlay fade-in\"><img decoding=\"async\" src=\"https:\/\/metalteco.com\/wp-content\/uploads\/2022\/08\/icono-metalteco.svg\" alt=\"Metalteco Icon\" \/><a href=\"https:\/\/metalteco.com\/en\/proyectos-alimentos-concentrados-finca-cienaga-de-oro\/\"><\/a><\/div><div class=\"eael-entry-thumbnail\">\n                <img loading=\"lazy\" decoding=\"async\" width=\"480\" height=\"480\" src=\"https:\/\/metalteco.com\/wp-content\/uploads\/2019\/03\/miniatura-finca-cienaga-de-oro-metalteco.jpg\" class=\"attachment-full size-full wp-image-802\" alt=\"Miniature concentrated food projects: Cienaga de Oro farm\" srcset=\"https:\/\/metalteco.com\/wp-content\/uploads\/2019\/03\/miniatura-finca-cienaga-de-oro-metalteco.jpg 480w, https:\/\/metalteco.com\/wp-content\/uploads\/2019\/03\/miniatura-finca-cienaga-de-oro-metalteco-300x300.jpg 300w, https:\/\/metalteco.com\/wp-content\/uploads\/2019\/03\/miniatura-finca-cienaga-de-oro-metalteco-150x150.jpg 150w\" sizes=\"(max-width: 480px) 100vw, 480px\" \/>\n            <\/div>\n        <\/div><div class=\"eael-entry-wrapper\"><header class=\"eael-entry-header\"><h2 class=\"eael-entry-title\"><a class=\"eael-grid-post-link\" href=\"https:\/\/metalteco.com\/en\/proyectos-alimentos-concentrados-finca-cienaga-de-oro\/\" title=\"CI\u00c9NAGA DE ORO FARM - ANIMAL FEED PLANT\">CI\u00c9NAGA DE ORO FARM - ANIMAL FEED PLANT<\/a><\/h2><\/header><\/div><\/div>\n        <\/div>\n    <\/article><article class=\"eael-grid-post  eael-post-grid-column eael-pg-post-13878 category-proyectos-alimentos-concentrados tags-balanceados-plantas-proyecto\" data-id=\"13878\">\n        <div class=\"eael-grid-post-holder\">\n            <div class=\"eael-grid-post-holder-inner\"><div class=\"eael-entry-media\"><div class=\"eael-entry-overlay fade-in\"><img decoding=\"async\" src=\"https:\/\/metalteco.com\/wp-content\/uploads\/2022\/08\/icono-metalteco.svg\" alt=\"Metalteco Icon\" \/><a href=\"https:\/\/metalteco.com\/en\/contegral-pet-plant-concentrate-projects\/\"><\/a><\/div><div class=\"eael-entry-thumbnail\">\n                <img loading=\"lazy\" decoding=\"async\" width=\"600\" height=\"600\" src=\"https:\/\/metalteco.com\/wp-content\/uploads\/2024\/09\/contegral-cartago-balanceados-min.webp\" class=\"attachment-full size-full wp-image-13879\" alt=\"Pet plant for contegral cartago by Metalteco\" srcset=\"https:\/\/metalteco.com\/wp-content\/uploads\/2024\/09\/contegral-cartago-balanceados-min.webp 600w, https:\/\/metalteco.com\/wp-content\/uploads\/2024\/09\/contegral-cartago-balanceados-min-300x300.webp 300w, https:\/\/metalteco.com\/wp-content\/uploads\/2024\/09\/contegral-cartago-balanceados-min-150x150.webp 150w\" sizes=\"(max-width: 600px) 100vw, 600px\" \/>\n            <\/div>\n        <\/div><div class=\"eael-entry-wrapper\"><header class=\"eael-entry-header\"><h2 class=\"eael-entry-title\"><a class=\"eael-grid-post-link\" href=\"https:\/\/metalteco.com\/en\/contegral-pet-plant-concentrate-projects\/\" title=\"CONTEGRAL CARTAGO - PET PLANT\">CONTEGRAL CARTAGO - PET PLANT<\/a><\/h2><\/header><\/div><\/div>\n        <\/div>\n    <\/article><article class=\"eael-grid-post  eael-post-grid-column eael-pg-post-13677 category-proyectos-alimentos-concentrados tags-balanceados-cereales-plantas-proyecto\" data-id=\"13677\">\n        <div class=\"eael-grid-post-holder\">\n            <div class=\"eael-grid-post-holder-inner\"><div class=\"eael-entry-media\"><div class=\"eael-entry-overlay fade-in\"><img decoding=\"async\" src=\"https:\/\/metalteco.com\/wp-content\/uploads\/2022\/08\/icono-metalteco.svg\" alt=\"Metalteco Icon\" \/><a href=\"https:\/\/metalteco.com\/en\/proyectos-balanceados-fazenda\/\"><\/a><\/div><div class=\"eael-entry-thumbnail\">\n                <img loading=\"lazy\" decoding=\"async\" width=\"600\" height=\"600\" src=\"https:\/\/metalteco.com\/wp-content\/uploads\/2024\/08\/fazenda-secamiento-cereales-min.webp\" class=\"attachment-full size-full wp-image-13678\" alt=\"L.a fazenda plant for cereal drying by Metalteco\" srcset=\"https:\/\/metalteco.com\/wp-content\/uploads\/2024\/08\/fazenda-secamiento-cereales-min.webp 600w, https:\/\/metalteco.com\/wp-content\/uploads\/2024\/08\/fazenda-secamiento-cereales-min-300x300.webp 300w, https:\/\/metalteco.com\/wp-content\/uploads\/2024\/08\/fazenda-secamiento-cereales-min-150x150.webp 150w\" sizes=\"(max-width: 600px) 100vw, 600px\" \/>\n            <\/div>\n        <\/div><div class=\"eael-entry-wrapper\"><header class=\"eael-entry-header\"><h2 class=\"eael-entry-title\"><a class=\"eael-grid-post-link\" href=\"https:\/\/metalteco.com\/en\/proyectos-balanceados-fazenda\/\" title=\"THE FAZENDA - CEREAL DRYING\">THE FAZENDA - CEREAL DRYING<\/a><\/h2><\/header><\/div><\/div>\n        <\/div>\n    <\/article><\/div>\n            <div class=\"clearfix\"><\/div>\n        <\/div>            <div class=\"eael-load-more-button-wrap eael-force-hide\">\n                <button class=\"eael-load-more-button\" id=\"eael-load-more-btn-43327fcf\" data-widget-id=\"43327fcf\" data-widget=\"43327fcf\" data-page-id=\"888\" data-template=\"{&quot;dir&quot;:&quot;lite&quot;,&quot;file_name&quot;:&quot;one.php&quot;,&quot;name&quot;:&quot;Post-Grid&quot;}\" data-class=\"Essential_Addons_Elementor\\Elements\\Post_Grid\" data-layout=\"masonry\" data-page=\"1\" data-args=\"orderby=rand&amp;order=desc&amp;ignore_sticky_posts=1&amp;post_status=publish&amp;posts_per_page=4&amp;offset=&amp;post_type=post&amp;tax_query%5B0%5D%5Btaxonomy%5D=category&amp;tax_query%5B0%5D%5Bfield%5D=term_id&amp;tax_query%5B0%5D%5Bterms%5D%5B0%5D=19&amp;tax_query%5Brelation%5D=AND\" data-max-page=\"6\">\n                    <span class=\"eael-btn-loader button__loader\"><\/span>\n                    <span class=\"eael_load_more_text\">LOAD MORE<\/span>\n                <\/button>\n            <\/div>\n            \t\t\t\t<\/div>\n\t\t\t\t<\/div>\n\t\t\t\t\t<\/div>\n\t\t<\/div>\n\t\t\t\t\t<\/div>\n\t\t<\/section>\n\t\t\t\t<section class=\"elementor-section elementor-top-section elementor-element elementor-element-6f694184 elementor-section-boxed elementor-section-height-default elementor-section-height-default\" data-id=\"6f694184\" data-element_type=\"section\" data-e-type=\"section\">\n\t\t\t\t\t\t<div class=\"elementor-container elementor-column-gap-default\">\n\t\t\t\t\t<div class=\"elementor-column elementor-col-100 elementor-top-column elementor-element elementor-element-46c88634\" data-id=\"46c88634\" data-element_type=\"column\" data-e-type=\"column\">\n\t\t\t<div class=\"elementor-widget-wrap elementor-element-populated\">\n\t\t\t\t\t\t<div class=\"elementor-element elementor-element-4dbe0a39 elementor-widget elementor-widget-image\" data-id=\"4dbe0a39\" data-element_type=\"widget\" data-e-type=\"widget\" data-widget_type=\"image.default\">\n\t\t\t\t<div class=\"elementor-widget-container\">\n\t\t\t\t\t\t\t\t\t\t\t\t\t\t\t<img loading=\"lazy\" decoding=\"async\" width=\"42\" height=\"32\" src=\"https:\/\/metalteco.com\/wp-content\/uploads\/2022\/08\/logo-cierre-1.png\" class=\"attachment-full size-full wp-image-3885\" alt=\"\" \/>\t\t\t\t\t\t\t\t\t\t\t\t\t\t\t<\/div>\n\t\t\t\t<\/div>\n\t\t\t\t\t<\/div>\n\t\t<\/div>\n\t\t\t\t\t<\/div>\n\t\t<\/section>\n\t\t\t\t<footer class=\"elementor-section elementor-top-section elementor-element elementor-element-3c8d66b elementor-section-full_width elementor-section-stretched elementor-section-height-default elementor-section-height-default\" data-id=\"3c8d66b\" data-element_type=\"section\" data-e-type=\"section\" data-settings=\"{&quot;stretch_section&quot;:&quot;section-stretched&quot;}\">\n\t\t\t\t\t\t<div class=\"elementor-container elementor-column-gap-no\">\n\t\t\t\t\t<div class=\"elementor-column elementor-col-100 elementor-top-column elementor-element elementor-element-e3627ce\" data-id=\"e3627ce\" data-element_type=\"column\" data-e-type=\"column\">\n\t\t\t<div class=\"elementor-widget-wrap elementor-element-populated\">\n\t\t\t\t\t\t<div class=\"elementor-element elementor-element-b78670d elementor-widget elementor-widget-template\" data-id=\"b78670d\" data-element_type=\"widget\" data-e-type=\"widget\" data-widget_type=\"template.default\">\n\t\t\t\t<div class=\"elementor-widget-container\">\n\t\t\t\t\t\t\t<div class=\"elementor-template\">\n\t\t\t\t\t<div data-elementor-type=\"section\" data-elementor-id=\"4490\" class=\"elementor elementor-4490\" data-elementor-post-type=\"elementor_library\">\n\t\t\t\t\t<section class=\"elementor-section elementor-top-section elementor-element elementor-element-479379da elementor-section-stretched elementor-section-full_width elementor-section-height-default elementor-section-height-default\" data-id=\"479379da\" data-element_type=\"section\" data-e-type=\"section\" data-settings=\"{&quot;stretch_section&quot;:&quot;section-stretched&quot;,&quot;background_background&quot;:&quot;classic&quot;}\">\n\t\t\t\t\t\t<div class=\"elementor-container elementor-column-gap-no\">\n\t\t\t\t\t<div class=\"elementor-column elementor-col-100 elementor-top-column elementor-element elementor-element-687a6c48\" data-id=\"687a6c48\" data-element_type=\"column\" data-e-type=\"column\" data-settings=\"{&quot;background_background&quot;:&quot;classic&quot;}\">\n\t\t\t<div class=\"elementor-widget-wrap elementor-element-populated\">\n\t\t\t\t\t\t<section class=\"elementor-section elementor-inner-section elementor-element elementor-element-70fc8a24 elementor-section-content-middle elementor-section-boxed elementor-section-height-default elementor-section-height-default\" data-id=\"70fc8a24\" data-element_type=\"section\" data-e-type=\"section\" data-settings=\"{&quot;background_background&quot;:&quot;classic&quot;}\">\n\t\t\t\t\t\t<div class=\"elementor-container elementor-column-gap-no\">\n\t\t\t\t\t<div class=\"elementor-column elementor-col-25 elementor-inner-column elementor-element elementor-element-5e59368a\" data-id=\"5e59368a\" data-element_type=\"column\" data-e-type=\"column\">\n\t\t\t<div class=\"elementor-widget-wrap elementor-element-populated\">\n\t\t\t\t\t\t<div class=\"elementor-element elementor-element-5291a0d8 elementor-hidden-tablet elementor-hidden-phone elementor-widget elementor-widget-image\" data-id=\"5291a0d8\" data-element_type=\"widget\" data-e-type=\"widget\" data-widget_type=\"image.default\">\n\t\t\t\t<div class=\"elementor-widget-container\">\n\t\t\t\t\t\t\t\t\t\t\t\t\t\t\t<img loading=\"lazy\" decoding=\"async\" width=\"129\" height=\"208\" src=\"https:\/\/metalteco.com\/wp-content\/uploads\/2022\/08\/ingeniero-metalteco.png\" class=\"attachment-full size-full wp-image-1609\" alt=\"Metalteco Engineer\" \/>\t\t\t\t\t\t\t\t\t\t\t\t\t\t\t<\/div>\n\t\t\t\t<\/div>\n\t\t\t\t\t<\/div>\n\t\t<\/div>\n\t\t\t\t<div class=\"elementor-column elementor-col-25 elementor-inner-column elementor-element elementor-element-ab2e13c elementor-hidden-tablet elementor-hidden-phone\" data-id=\"ab2e13c\" data-element_type=\"column\" data-e-type=\"column\">\n\t\t\t<div class=\"elementor-widget-wrap elementor-element-populated\">\n\t\t\t\t\t\t<div class=\"elementor-element elementor-element-517d3f2b elementor-hidden-phone elementor-widget elementor-widget-image\" data-id=\"517d3f2b\" data-element_type=\"widget\" data-e-type=\"widget\" data-widget_type=\"image.default\">\n\t\t\t\t<div class=\"elementor-widget-container\">\n\t\t\t\t\t\t\t\t\t\t\t\t\t\t\t<img loading=\"lazy\" decoding=\"async\" width=\"2\" height=\"40\" src=\"https:\/\/metalteco.com\/wp-content\/uploads\/2022\/08\/linea.png\" class=\"attachment-full size-full wp-image-1631\" alt=\"\" \/>\t\t\t\t\t\t\t\t\t\t\t\t\t\t\t<\/div>\n\t\t\t\t<\/div>\n\t\t\t\t\t<\/div>\n\t\t<\/div>\n\t\t\t\t<div class=\"elementor-column elementor-col-25 elementor-inner-column elementor-element elementor-element-6c2bfdab\" data-id=\"6c2bfdab\" data-element_type=\"column\" data-e-type=\"column\">\n\t\t\t<div class=\"elementor-widget-wrap elementor-element-populated\">\n\t\t\t\t\t\t<div class=\"elementor-element elementor-element-595fc588 elementor-widget elementor-widget-heading\" data-id=\"595fc588\" data-element_type=\"widget\" data-e-type=\"widget\" data-widget_type=\"heading.default\">\n\t\t\t\t<div class=\"elementor-widget-container\">\n\t\t\t\t\t<h3 class=\"elementor-heading-title elementor-size-default\">Questions?<\/h3>\t\t\t\t<\/div>\n\t\t\t\t<\/div>\n\t\t\t\t<div class=\"elementor-element elementor-element-389b7315 elementor-widget elementor-widget-text-editor\" data-id=\"389b7315\" data-element_type=\"widget\" data-e-type=\"widget\" data-widget_type=\"text-editor.default\">\n\t\t\t\t<div class=\"elementor-widget-container\">\n\t\t\t\t\t\t\t\t\t<p>DO NOT HESITATE TO CONTACT US.<\/p>\t\t\t\t\t\t\t\t<\/div>\n\t\t\t\t<\/div>\n\t\t\t\t\t<\/div>\n\t\t<\/div>\n\t\t\t\t<div class=\"elementor-column elementor-col-25 elementor-inner-column elementor-element elementor-element-6ef149ff\" data-id=\"6ef149ff\" data-element_type=\"column\" data-e-type=\"column\" data-settings=\"{&quot;background_background&quot;:&quot;classic&quot;}\">\n\t\t\t<div class=\"elementor-widget-wrap elementor-element-populated\">\n\t\t\t\t\t\t<div class=\"elementor-element elementor-element-47293cd6 elementor-align-justify elementor-widget elementor-widget-button\" data-id=\"47293cd6\" data-element_type=\"widget\" data-e-type=\"widget\" data-widget_type=\"button.default\">\n\t\t\t\t<div class=\"elementor-widget-container\">\n\t\t\t\t\t\t\t\t\t<div class=\"elementor-button-wrapper\">\n\t\t\t\t\t<a class=\"elementor-button elementor-button-link elementor-size-sm\" href=\"https:\/\/metalteco.com\/en\/contact\/\">\n\t\t\t\t\t\t<span class=\"elementor-button-content-wrapper\">\n\t\t\t\t\t\t\t\t\t<span class=\"elementor-button-text\">LET'S TALK<\/span>\n\t\t\t\t\t<\/span>\n\t\t\t\t\t<\/a>\n\t\t\t\t<\/div>\n\t\t\t\t\t\t\t\t<\/div>\n\t\t\t\t<\/div>\n\t\t\t\t\t<\/div>\n\t\t<\/div>\n\t\t\t\t\t<\/div>\n\t\t<\/section>\n\t\t\t\t\t<\/div>\n\t\t<\/div>\n\t\t\t\t\t<\/div>\n\t\t<\/section>\n\t\t\t\t<\/div>\n\t\t\t\t<\/div>\n\t\t\t\t\t\t<\/div>\n\t\t\t\t<\/div>\n\t\t\t\t\t<\/div>\n\t\t<\/div>\n\t\t\t\t\t<\/div>\n\t\t<\/footer>\n\t\t\t\t<\/div>","protected":false},"excerpt":{"rendered":"<p>CARNE DE CERDO: DE COLOMBIA PARA EL MUNDO. El pasado 12 de junio se realiz\u00f3 la primera exportaci\u00f3n de carne de cerdo colombiana a Costa de Marfil. Esto fue posible gracias a las acciones realizadas por Porkcolombia y la Comercializadora Internacional C.I Porko, quienes acordaron que ese ser\u00eda el primero de tres despachos. El cargamento [&hellip;]<\/p>\n","protected":false},"author":3,"featured_media":889,"comment_status":"closed","ping_status":"open","sticky":false,"template":"elementor_header_footer","format":"standard","meta":{"_yoast_wpseo_focuskw":"","_yoast_wpseo_title":"","_yoast_wpseo_metadesc":"","site-sidebar-layout":"default","site-content-layout":"default","ast-site-content-layout":"default","site-content-style":"default","site-sidebar-style":"default","ast-global-header-display":"","ast-banner-title-visibility":"","ast-main-header-display":"","ast-hfb-above-header-display":"","ast-hfb-below-header-display":"","ast-hfb-mobile-header-display":"","site-post-title":"","ast-breadcrumbs-content":"","ast-featured-img":"","footer-sml-layout":"","ast-disable-related-posts":"","theme-transparent-header-meta":"default","adv-header-id-meta":"","stick-header-meta":"","header-above-stick-meta":"","header-main-stick-meta":"","header-below-stick-meta":"","astra-migrate-meta-layouts":"default","ast-page-background-enabled":"default","ast-page-background-meta":{"desktop":{"background-color":"var(--ast-global-color-4)","background-image":"","background-repeat":"repeat","background-position":"center center","background-size":"auto","background-attachment":"scroll","background-type":"","background-media":"","overlay-type":"","overlay-color":"","overlay-opacity":"","overlay-gradient":""},"tablet":{"background-color":"","background-image":"","background-repeat":"repeat","background-position":"center center","background-size":"auto","background-attachment":"scroll","background-type":"","background-media":"","overlay-type":"","overlay-color":"","overlay-opacity":"","overlay-gradient":""},"mobile":{"background-color":"","background-image":"","background-repeat":"repeat","background-position":"center center","background-size":"auto","background-attachment":"scroll","background-type":"","background-media":"","overlay-type":"","overlay-color":"","overlay-opacity":"","overlay-gradient":""}},"ast-content-background-meta":{"desktop":{"background-color":"var(--ast-global-color-5)","background-image":"","background-repeat":"repeat","background-position":"center center","background-size":"auto","background-attachment":"scroll","background-type":"","background-media":"","overlay-type":"","overlay-color":"","overlay-opacity":"","overlay-gradient":""},"tablet":{"background-color":"var(--ast-global-color-5)","background-image":"","background-repeat":"repeat","background-position":"center center","background-size":"auto","background-attachment":"scroll","background-type":"","background-media":"","overlay-type":"","overlay-color":"","overlay-opacity":"","overlay-gradient":""},"mobile":{"background-color":"var(--ast-global-color-5)","background-image":"","background-repeat":"repeat","background-position":"center center","background-size":"auto","background-attachment":"scroll","background-type":"","background-media":"","overlay-type":"","overlay-color":"","overlay-opacity":"","overlay-gradient":""}},"footnotes":""},"categories":[3],"tags":[],"class_list":["post-888","post","type-post","status-publish","format-standard","has-post-thumbnail","hentry","category-noticias-metalteco"],"yoast_head":"<!-- This site is optimized with the Yoast SEO plugin v27.3 - https:\/\/yoast.com\/product\/yoast-seo-wordpress\/ -->\n<title>Carne de Cerdo: De Colombia Para el Mundo - Plantas Completas para Alimentos Balanceados, Extracci\u00f3n de Aceite de Palma y Terminales Portuarias de Graneles Secos<\/title>\n<meta name=\"robots\" content=\"index, follow, max-snippet:-1, max-image-preview:large, max-video-preview:-1\" \/>\n<link rel=\"canonical\" href=\"https:\/\/metalteco.com\/en\/carne-de-cerdo-de-colombia-para-el-mundo\/\" \/>\n<meta property=\"og:locale\" content=\"en_US\" \/>\n<meta property=\"og:type\" content=\"article\" \/>\n<meta property=\"og:title\" content=\"Carne de Cerdo: De Colombia Para el Mundo - Plantas Completas para Alimentos Balanceados, Extracci\u00f3n de Aceite de Palma y Terminales Portuarias de Graneles Secos\" \/>\n<meta property=\"og:description\" content=\"CARNE DE CERDO: DE COLOMBIA PARA EL MUNDO. El pasado 12 de junio se realiz\u00f3 la primera exportaci\u00f3n de carne de cerdo colombiana a Costa de Marfil. Esto fue posible gracias a las acciones realizadas por Porkcolombia y la Comercializadora Internacional C.I Porko, quienes acordaron que ese ser\u00eda el primero de tres despachos. El cargamento [&hellip;]\" \/>\n<meta property=\"og:url\" content=\"https:\/\/metalteco.com\/en\/carne-de-cerdo-de-colombia-para-el-mundo\/\" \/>\n<meta property=\"og:site_name\" content=\"Plantas Completas para Alimentos Balanceados, Extracci\u00f3n de Aceite de Palma y Terminales Portuarias de Graneles Secos\" \/>\n<meta property=\"article:publisher\" content=\"http:\/\/facebook.com\/metalteco\" \/>\n<meta property=\"article:published_time\" content=\"2020-06-19T17:05:42+00:00\" \/>\n<meta property=\"article:modified_time\" content=\"2022-10-06T16:31:37+00:00\" \/>\n<meta property=\"og:image\" content=\"https:\/\/metalteco.com\/wp-content\/uploads\/carne-de-cerdo-colombia-1-1.jpg\" \/>\n\t<meta property=\"og:image:width\" content=\"480\" \/>\n\t<meta property=\"og:image:height\" content=\"480\" \/>\n\t<meta property=\"og:image:type\" content=\"image\/jpeg\" \/>\n<meta name=\"author\" content=\"Rosemberg Parra Torres\" \/>\n<meta name=\"twitter:card\" content=\"summary_large_image\" \/>\n<meta name=\"twitter:label1\" content=\"Written by\" \/>\n\t<meta name=\"twitter:data1\" content=\"Rosemberg Parra Torres\" \/>\n\t<meta name=\"twitter:label2\" content=\"Est. reading time\" \/>\n\t<meta name=\"twitter:data2\" content=\"2 minutes\" \/>\n<script type=\"application\/ld+json\" class=\"yoast-schema-graph\">{\"@context\":\"https:\\\/\\\/schema.org\",\"@graph\":[{\"@type\":\"Article\",\"@id\":\"https:\\\/\\\/metalteco.com\\\/carne-de-cerdo-de-colombia-para-el-mundo\\\/#article\",\"isPartOf\":{\"@id\":\"https:\\\/\\\/metalteco.com\\\/carne-de-cerdo-de-colombia-para-el-mundo\\\/\"},\"author\":{\"name\":\"Rosemberg Parra Torres\",\"@id\":\"https:\\\/\\\/metalteco.com\\\/#\\\/schema\\\/person\\\/2daf1205a356946a4c6f4587da44dbb6\"},\"headline\":\"Carne de Cerdo: De Colombia Para el Mundo\",\"datePublished\":\"2020-06-19T17:05:42+00:00\",\"dateModified\":\"2022-10-06T16:31:37+00:00\",\"mainEntityOfPage\":{\"@id\":\"https:\\\/\\\/metalteco.com\\\/carne-de-cerdo-de-colombia-para-el-mundo\\\/\"},\"wordCount\":461,\"publisher\":{\"@id\":\"https:\\\/\\\/metalteco.com\\\/#organization\"},\"image\":{\"@id\":\"https:\\\/\\\/metalteco.com\\\/carne-de-cerdo-de-colombia-para-el-mundo\\\/#primaryimage\"},\"thumbnailUrl\":\"https:\\\/\\\/metalteco.com\\\/wp-content\\\/uploads\\\/carne-de-cerdo-colombia-1-1.jpg\",\"articleSection\":[\"Noticias Metalteco\"],\"inLanguage\":\"en-US\"},{\"@type\":\"WebPage\",\"@id\":\"https:\\\/\\\/metalteco.com\\\/carne-de-cerdo-de-colombia-para-el-mundo\\\/\",\"url\":\"https:\\\/\\\/metalteco.com\\\/carne-de-cerdo-de-colombia-para-el-mundo\\\/\",\"name\":\"Carne de Cerdo: De Colombia Para el Mundo - Plantas Completas para Alimentos Balanceados, Extracci\u00f3n de Aceite de Palma y Terminales Portuarias de Graneles Secos\",\"isPartOf\":{\"@id\":\"https:\\\/\\\/metalteco.com\\\/#website\"},\"primaryImageOfPage\":{\"@id\":\"https:\\\/\\\/metalteco.com\\\/carne-de-cerdo-de-colombia-para-el-mundo\\\/#primaryimage\"},\"image\":{\"@id\":\"https:\\\/\\\/metalteco.com\\\/carne-de-cerdo-de-colombia-para-el-mundo\\\/#primaryimage\"},\"thumbnailUrl\":\"https:\\\/\\\/metalteco.com\\\/wp-content\\\/uploads\\\/carne-de-cerdo-colombia-1-1.jpg\",\"datePublished\":\"2020-06-19T17:05:42+00:00\",\"dateModified\":\"2022-10-06T16:31:37+00:00\",\"breadcrumb\":{\"@id\":\"https:\\\/\\\/metalteco.com\\\/carne-de-cerdo-de-colombia-para-el-mundo\\\/#breadcrumb\"},\"inLanguage\":\"en-US\",\"potentialAction\":[{\"@type\":\"ReadAction\",\"target\":[\"https:\\\/\\\/metalteco.com\\\/carne-de-cerdo-de-colombia-para-el-mundo\\\/\"]}]},{\"@type\":\"ImageObject\",\"inLanguage\":\"en-US\",\"@id\":\"https:\\\/\\\/metalteco.com\\\/carne-de-cerdo-de-colombia-para-el-mundo\\\/#primaryimage\",\"url\":\"https:\\\/\\\/metalteco.com\\\/wp-content\\\/uploads\\\/carne-de-cerdo-colombia-1-1.jpg\",\"contentUrl\":\"https:\\\/\\\/metalteco.com\\\/wp-content\\\/uploads\\\/carne-de-cerdo-colombia-1-1.jpg\",\"width\":480,\"height\":480,\"caption\":\"El cargamento se realiz\u00f3 desde el Puerto de Cartagena. Los contenedores restantes se enviar\u00edan el 22 de junio y el 6 de julio.\"},{\"@type\":\"BreadcrumbList\",\"@id\":\"https:\\\/\\\/metalteco.com\\\/carne-de-cerdo-de-colombia-para-el-mundo\\\/#breadcrumb\",\"itemListElement\":[{\"@type\":\"ListItem\",\"position\":1,\"name\":\"Portada\",\"item\":\"https:\\\/\\\/metalteco.com\\\/es\\\/\"},{\"@type\":\"ListItem\",\"position\":2,\"name\":\"Carne de Cerdo: De Colombia Para el Mundo\"}]},{\"@type\":\"WebSite\",\"@id\":\"https:\\\/\\\/metalteco.com\\\/#website\",\"url\":\"https:\\\/\\\/metalteco.com\\\/\",\"name\":\"Plantas Completas para Alimentos Balanceados, Extracci\u00f3n de Aceite de Palma y Terminales Portuarias de Graneles Secos\",\"description\":\"\u00a1Somo su Opci\u00f3n Total para el desarrollo de proyectos llave en mano!\",\"publisher\":{\"@id\":\"https:\\\/\\\/metalteco.com\\\/#organization\"},\"potentialAction\":[{\"@type\":\"SearchAction\",\"target\":{\"@type\":\"EntryPoint\",\"urlTemplate\":\"https:\\\/\\\/metalteco.com\\\/?s={search_term_string}\"},\"query-input\":{\"@type\":\"PropertyValueSpecification\",\"valueRequired\":true,\"valueName\":\"search_term_string\"}}],\"inLanguage\":\"en-US\"},{\"@type\":\"Organization\",\"@id\":\"https:\\\/\\\/metalteco.com\\\/#organization\",\"name\":\"Metalteco\",\"url\":\"https:\\\/\\\/metalteco.com\\\/\",\"logo\":{\"@type\":\"ImageObject\",\"inLanguage\":\"en-US\",\"@id\":\"https:\\\/\\\/metalteco.com\\\/#\\\/schema\\\/logo\\\/image\\\/\",\"url\":\"https:\\\/\\\/metalteco.com\\\/wp-content\\\/uploads\\\/2026\\\/03\\\/metalteco-logo-2026-color.png\",\"contentUrl\":\"https:\\\/\\\/metalteco.com\\\/wp-content\\\/uploads\\\/2026\\\/03\\\/metalteco-logo-2026-color.png\",\"width\":1920,\"height\":862,\"caption\":\"Metalteco\"},\"image\":{\"@id\":\"https:\\\/\\\/metalteco.com\\\/#\\\/schema\\\/logo\\\/image\\\/\"},\"sameAs\":[\"http:\\\/\\\/facebook.com\\\/metalteco\"]},{\"@type\":\"Person\",\"@id\":\"https:\\\/\\\/metalteco.com\\\/#\\\/schema\\\/person\\\/2daf1205a356946a4c6f4587da44dbb6\",\"name\":\"Rosemberg Parra Torres\",\"image\":{\"@type\":\"ImageObject\",\"inLanguage\":\"en-US\",\"@id\":\"https:\\\/\\\/secure.gravatar.com\\\/avatar\\\/e9ea15b44671c2502baf7bee42a4e946f8432c035980da301d567a2f2683f3f7?s=96&d=mm&r=g\",\"url\":\"https:\\\/\\\/secure.gravatar.com\\\/avatar\\\/e9ea15b44671c2502baf7bee42a4e946f8432c035980da301d567a2f2683f3f7?s=96&d=mm&r=g\",\"contentUrl\":\"https:\\\/\\\/secure.gravatar.com\\\/avatar\\\/e9ea15b44671c2502baf7bee42a4e946f8432c035980da301d567a2f2683f3f7?s=96&d=mm&r=g\",\"caption\":\"Rosemberg Parra Torres\"},\"sameAs\":[\"http:\\\/\\\/Evoplus.one\"],\"url\":\"https:\\\/\\\/metalteco.com\\\/en\\\/author\\\/administrador\\\/\"}]}<\/script>\n<!-- \/ Yoast SEO plugin. -->","yoast_head_json":{"title":"Carne de Cerdo: De Colombia Para el Mundo - Plantas Completas para Alimentos Balanceados, Extracci\u00f3n de Aceite de Palma y Terminales Portuarias de Graneles Secos","robots":{"index":"index","follow":"follow","max-snippet":"max-snippet:-1","max-image-preview":"max-image-preview:large","max-video-preview":"max-video-preview:-1"},"canonical":"https:\/\/metalteco.com\/en\/carne-de-cerdo-de-colombia-para-el-mundo\/","og_locale":"en_US","og_type":"article","og_title":"Carne de Cerdo: De Colombia Para el Mundo - Plantas Completas para Alimentos Balanceados, Extracci\u00f3n de Aceite de Palma y Terminales Portuarias de Graneles Secos","og_description":"CARNE DE CERDO: DE COLOMBIA PARA EL MUNDO. El pasado 12 de junio se realiz\u00f3 la primera exportaci\u00f3n de carne de cerdo colombiana a Costa de Marfil. Esto fue posible gracias a las acciones realizadas por Porkcolombia y la Comercializadora Internacional C.I Porko, quienes acordaron que ese ser\u00eda el primero de tres despachos. El cargamento [&hellip;]","og_url":"https:\/\/metalteco.com\/en\/carne-de-cerdo-de-colombia-para-el-mundo\/","og_site_name":"Plantas Completas para Alimentos Balanceados, Extracci\u00f3n de Aceite de Palma y Terminales Portuarias de Graneles Secos","article_publisher":"http:\/\/facebook.com\/metalteco","article_published_time":"2020-06-19T17:05:42+00:00","article_modified_time":"2022-10-06T16:31:37+00:00","og_image":[{"width":480,"height":480,"url":"https:\/\/metalteco.com\/wp-content\/uploads\/carne-de-cerdo-colombia-1-1.jpg","type":"image\/jpeg"}],"author":"Rosemberg Parra Torres","twitter_card":"summary_large_image","twitter_misc":{"Written by":"Rosemberg Parra Torres","Est. reading time":"2 minutes"},"schema":{"@context":"https:\/\/schema.org","@graph":[{"@type":"Article","@id":"https:\/\/metalteco.com\/carne-de-cerdo-de-colombia-para-el-mundo\/#article","isPartOf":{"@id":"https:\/\/metalteco.com\/carne-de-cerdo-de-colombia-para-el-mundo\/"},"author":{"name":"Rosemberg Parra Torres","@id":"https:\/\/metalteco.com\/#\/schema\/person\/2daf1205a356946a4c6f4587da44dbb6"},"headline":"Carne de Cerdo: De Colombia Para el Mundo","datePublished":"2020-06-19T17:05:42+00:00","dateModified":"2022-10-06T16:31:37+00:00","mainEntityOfPage":{"@id":"https:\/\/metalteco.com\/carne-de-cerdo-de-colombia-para-el-mundo\/"},"wordCount":461,"publisher":{"@id":"https:\/\/metalteco.com\/#organization"},"image":{"@id":"https:\/\/metalteco.com\/carne-de-cerdo-de-colombia-para-el-mundo\/#primaryimage"},"thumbnailUrl":"https:\/\/metalteco.com\/wp-content\/uploads\/carne-de-cerdo-colombia-1-1.jpg","articleSection":["Noticias Metalteco"],"inLanguage":"en-US"},{"@type":"WebPage","@id":"https:\/\/metalteco.com\/carne-de-cerdo-de-colombia-para-el-mundo\/","url":"https:\/\/metalteco.com\/carne-de-cerdo-de-colombia-para-el-mundo\/","name":"Carne de Cerdo: De Colombia Para el Mundo - Plantas Completas para Alimentos Balanceados, Extracci\u00f3n de Aceite de Palma y Terminales Portuarias de Graneles Secos","isPartOf":{"@id":"https:\/\/metalteco.com\/#website"},"primaryImageOfPage":{"@id":"https:\/\/metalteco.com\/carne-de-cerdo-de-colombia-para-el-mundo\/#primaryimage"},"image":{"@id":"https:\/\/metalteco.com\/carne-de-cerdo-de-colombia-para-el-mundo\/#primaryimage"},"thumbnailUrl":"https:\/\/metalteco.com\/wp-content\/uploads\/carne-de-cerdo-colombia-1-1.jpg","datePublished":"2020-06-19T17:05:42+00:00","dateModified":"2022-10-06T16:31:37+00:00","breadcrumb":{"@id":"https:\/\/metalteco.com\/carne-de-cerdo-de-colombia-para-el-mundo\/#breadcrumb"},"inLanguage":"en-US","potentialAction":[{"@type":"ReadAction","target":["https:\/\/metalteco.com\/carne-de-cerdo-de-colombia-para-el-mundo\/"]}]},{"@type":"ImageObject","inLanguage":"en-US","@id":"https:\/\/metalteco.com\/carne-de-cerdo-de-colombia-para-el-mundo\/#primaryimage","url":"https:\/\/metalteco.com\/wp-content\/uploads\/carne-de-cerdo-colombia-1-1.jpg","contentUrl":"https:\/\/metalteco.com\/wp-content\/uploads\/carne-de-cerdo-colombia-1-1.jpg","width":480,"height":480,"caption":"El cargamento se realiz\u00f3 desde el Puerto de Cartagena. Los contenedores restantes se enviar\u00edan el 22 de junio y el 6 de julio."},{"@type":"BreadcrumbList","@id":"https:\/\/metalteco.com\/carne-de-cerdo-de-colombia-para-el-mundo\/#breadcrumb","itemListElement":[{"@type":"ListItem","position":1,"name":"Portada","item":"https:\/\/metalteco.com\/es\/"},{"@type":"ListItem","position":2,"name":"Carne de Cerdo: De Colombia Para el Mundo"}]},{"@type":"WebSite","@id":"https:\/\/metalteco.com\/#website","url":"https:\/\/metalteco.com\/","name":"Plantas Completas para Alimentos Balanceados, Extracci\u00f3n de Aceite de Palma y Terminales Portuarias de Graneles Secos","description":"\u00a1Somo su Opci\u00f3n Total para el desarrollo de proyectos llave en mano!","publisher":{"@id":"https:\/\/metalteco.com\/#organization"},"potentialAction":[{"@type":"SearchAction","target":{"@type":"EntryPoint","urlTemplate":"https:\/\/metalteco.com\/?s={search_term_string}"},"query-input":{"@type":"PropertyValueSpecification","valueRequired":true,"valueName":"search_term_string"}}],"inLanguage":"en-US"},{"@type":"Organization","@id":"https:\/\/metalteco.com\/#organization","name":"Metalteco","url":"https:\/\/metalteco.com\/","logo":{"@type":"ImageObject","inLanguage":"en-US","@id":"https:\/\/metalteco.com\/#\/schema\/logo\/image\/","url":"https:\/\/metalteco.com\/wp-content\/uploads\/2026\/03\/metalteco-logo-2026-color.png","contentUrl":"https:\/\/metalteco.com\/wp-content\/uploads\/2026\/03\/metalteco-logo-2026-color.png","width":1920,"height":862,"caption":"Metalteco"},"image":{"@id":"https:\/\/metalteco.com\/#\/schema\/logo\/image\/"},"sameAs":["http:\/\/facebook.com\/metalteco"]},{"@type":"Person","@id":"https:\/\/metalteco.com\/#\/schema\/person\/2daf1205a356946a4c6f4587da44dbb6","name":"Rosemberg Parra Torres","image":{"@type":"ImageObject","inLanguage":"en-US","@id":"https:\/\/secure.gravatar.com\/avatar\/e9ea15b44671c2502baf7bee42a4e946f8432c035980da301d567a2f2683f3f7?s=96&d=mm&r=g","url":"https:\/\/secure.gravatar.com\/avatar\/e9ea15b44671c2502baf7bee42a4e946f8432c035980da301d567a2f2683f3f7?s=96&d=mm&r=g","contentUrl":"https:\/\/secure.gravatar.com\/avatar\/e9ea15b44671c2502baf7bee42a4e946f8432c035980da301d567a2f2683f3f7?s=96&d=mm&r=g","caption":"Rosemberg Parra Torres"},"sameAs":["http:\/\/Evoplus.one"],"url":"https:\/\/metalteco.com\/en\/author\/administrador\/"}]}},"_links":{"self":[{"href":"https:\/\/metalteco.com\/en\/wp-json\/wp\/v2\/posts\/888","targetHints":{"allow":["GET"]}}],"collection":[{"href":"https:\/\/metalteco.com\/en\/wp-json\/wp\/v2\/posts"}],"about":[{"href":"https:\/\/metalteco.com\/en\/wp-json\/wp\/v2\/types\/post"}],"author":[{"embeddable":true,"href":"https:\/\/metalteco.com\/en\/wp-json\/wp\/v2\/users\/3"}],"replies":[{"embeddable":true,"href":"https:\/\/metalteco.com\/en\/wp-json\/wp\/v2\/comments?post=888"}],"version-history":[{"count":20,"href":"https:\/\/metalteco.com\/en\/wp-json\/wp\/v2\/posts\/888\/revisions"}],"predecessor-version":[{"id":7868,"href":"https:\/\/metalteco.com\/en\/wp-json\/wp\/v2\/posts\/888\/revisions\/7868"}],"wp:featuredmedia":[{"embeddable":true,"href":"https:\/\/metalteco.com\/en\/wp-json\/wp\/v2\/media\/889"}],"wp:attachment":[{"href":"https:\/\/metalteco.com\/en\/wp-json\/wp\/v2\/media?parent=888"}],"wp:term":[{"taxonomy":"category","embeddable":true,"href":"https:\/\/metalteco.com\/en\/wp-json\/wp\/v2\/categories?post=888"},{"taxonomy":"post_tag","embeddable":true,"href":"https:\/\/metalteco.com\/en\/wp-json\/wp\/v2\/tags?post=888"}],"curies":[{"name":"wp","href":"https:\/\/api.w.org\/{rel}","templated":true}]}}