{"id":862,"date":"2020-08-20T10:59:15","date_gmt":"2020-08-20T10:59:15","guid":{"rendered":"https:\/\/metalteco.com\/?p=6277"},"modified":"2022-10-06T16:30:50","modified_gmt":"2022-10-06T16:30:50","slug":"estabilidad-de-las-vitaminas-en-los-alimentos-balanceados","status":"publish","type":"post","link":"https:\/\/metalteco.com\/en\/estabilidad-de-las-vitaminas-en-los-alimentos-balanceados\/","title":{"rendered":"Estabilidad de las Vitaminas en los Alimentos Balanceados"},"content":{"rendered":"<div data-elementor-type=\"wp-post\" data-elementor-id=\"862\" class=\"elementor elementor-862\" data-elementor-post-type=\"post\">\n\t\t\t\t\t\t<div class=\"elementor-section elementor-top-section elementor-element elementor-element-68764fc elementor-section-full_width elementor-section-stretched elementor-section-height-default elementor-section-height-default\" data-id=\"68764fc\" data-element_type=\"section\" data-e-type=\"section\" data-settings=\"{&quot;stretch_section&quot;:&quot;section-stretched&quot;}\">\n\t\t\t\t\t\t<div class=\"elementor-container elementor-column-gap-no\">\n\t\t\t\t\t<div class=\"elementor-column elementor-col-100 elementor-top-column elementor-element elementor-element-eb9ec04\" data-id=\"eb9ec04\" data-element_type=\"column\" data-e-type=\"column\">\n\t\t\t<div class=\"elementor-widget-wrap elementor-element-populated\">\n\t\t\t\t\t\t<div class=\"elementor-element elementor-element-9c8df23 elementor-widget elementor-widget-template\" data-id=\"9c8df23\" data-element_type=\"widget\" data-e-type=\"widget\" data-widget_type=\"template.default\">\n\t\t\t\t<div class=\"elementor-widget-container\">\n\t\t\t\t\t\t\t<div class=\"elementor-template\">\n\t\t\t\t\t<div data-elementor-type=\"section\" data-elementor-id=\"3704\" class=\"elementor elementor-3704\" data-elementor-post-type=\"elementor_library\">\n\t\t\t\t\t<header class=\"elementor-section elementor-top-section elementor-element elementor-element-2c57f14 elementor-section-full_width elementor-section-height-min-height elementor-section-items-bottom elementor-section-height-default\" data-id=\"2c57f14\" data-element_type=\"section\" data-e-type=\"section\" data-settings=\"{&quot;background_background&quot;:&quot;classic&quot;}\">\n\t\t\t\t\t\t<div class=\"elementor-container elementor-column-gap-no\">\n\t\t\t\t\t<div class=\"elementor-column elementor-col-100 elementor-top-column elementor-element elementor-element-cd12d8f\" data-id=\"cd12d8f\" data-element_type=\"column\" data-e-type=\"column\">\n\t\t\t<div class=\"elementor-widget-wrap elementor-element-populated\">\n\t\t\t\t\t\t<section class=\"elementor-section elementor-inner-section elementor-element elementor-element-3e3bbfb elementor-section-boxed elementor-section-height-default elementor-section-height-default\" data-id=\"3e3bbfb\" data-element_type=\"section\" data-e-type=\"section\">\n\t\t\t\t\t\t<div class=\"elementor-container elementor-column-gap-default\">\n\t\t\t\t\t<div class=\"elementor-column elementor-col-100 elementor-inner-column elementor-element elementor-element-82c992e\" data-id=\"82c992e\" data-element_type=\"column\" data-e-type=\"column\">\n\t\t\t<div class=\"elementor-widget-wrap elementor-element-populated\">\n\t\t\t\t\t\t<div class=\"elementor-element elementor-element-d2156ad elementor-widget elementor-widget-heading\" data-id=\"d2156ad\" data-element_type=\"widget\" data-e-type=\"widget\" data-widget_type=\"heading.default\">\n\t\t\t\t<div class=\"elementor-widget-container\">\n\t\t\t\t\t<h2 class=\"elementor-heading-title elementor-size-default\">Metalteco<\/h2>\t\t\t\t<\/div>\n\t\t\t\t<\/div>\n\t\t\t\t<div class=\"elementor-element elementor-element-a0a031e elementor-widget elementor-widget-heading\" data-id=\"a0a031e\" data-element_type=\"widget\" data-e-type=\"widget\" data-widget_type=\"heading.default\">\n\t\t\t\t<div class=\"elementor-widget-container\">\n\t\t\t\t\t<h2 class=\"elementor-heading-title elementor-size-default\">Our News.<\/h2>\t\t\t\t<\/div>\n\t\t\t\t<\/div>\n\t\t\t\t\t<\/div>\n\t\t<\/div>\n\t\t\t\t\t<\/div>\n\t\t<\/section>\n\t\t\t\t\t<\/div>\n\t\t<\/div>\n\t\t\t\t\t<\/div>\n\t\t<\/header>\n\t\t\t\t<\/div>\n\t\t\t\t<\/div>\n\t\t\t\t\t\t<\/div>\n\t\t\t\t<\/div>\n\t\t\t\t\t<\/div>\n\t\t<\/div>\n\t\t\t\t\t<\/div>\n\t\t<\/div>\n\t\t\t\t<section class=\"elementor-section elementor-top-section elementor-element elementor-element-e86675b elementor-section-stretched elementor-section-boxed elementor-section-height-default elementor-section-height-default\" data-id=\"e86675b\" data-element_type=\"section\" data-e-type=\"section\" data-settings=\"{&quot;stretch_section&quot;:&quot;section-stretched&quot;}\">\n\t\t\t\t\t\t<div class=\"elementor-container elementor-column-gap-no\">\n\t\t\t\t\t<div class=\"elementor-column elementor-col-66 elementor-top-column elementor-element elementor-element-37c5d1db\" data-id=\"37c5d1db\" data-element_type=\"column\" data-e-type=\"column\" data-settings=\"{&quot;background_background&quot;:&quot;classic&quot;}\">\n\t\t\t<div class=\"elementor-widget-wrap elementor-element-populated\">\n\t\t\t\t\t\t<div class=\"elementor-element elementor-element-3935cfe5 elementor-widget elementor-widget-heading\" data-id=\"3935cfe5\" data-element_type=\"widget\" data-e-type=\"widget\" data-widget_type=\"heading.default\">\n\t\t\t\t<div class=\"elementor-widget-container\">\n\t\t\t\t\t<h1 class=\"elementor-heading-title elementor-size-default\">ESTABILIDAD DE LAS\nVITAMINAS EN LOS ALIMENTOS BALANCEADOS<span style=\"color: #ed1c24\">.<\/span><\/h1>\t\t\t\t<\/div>\n\t\t\t\t<\/div>\n\t\t\t\t<div class=\"elementor-element elementor-element-5b467ccd elementor-widget elementor-widget-text-editor\" data-id=\"5b467ccd\" data-element_type=\"widget\" data-e-type=\"widget\" data-widget_type=\"text-editor.default\">\n\t\t\t\t<div class=\"elementor-widget-container\">\n\t\t\t\t\t\t\t\t\t<p>Hay varios factores que afectan a la estabilidad de las vitaminas en los alimentos concentrados. Estos factores pueden variar dependiendo de si las vitaminas se encuentran de forma natural en las materias primas o si se a\u00f1aden a la dieta en forma de premezcla.<\/p>\t\t\t\t\t\t\t\t<\/div>\n\t\t\t\t<\/div>\n\t\t\t\t<div class=\"elementor-element elementor-element-6d59c433 elementor-widget elementor-widget-heading\" data-id=\"6d59c433\" data-element_type=\"widget\" data-e-type=\"widget\" data-widget_type=\"heading.default\">\n\t\t\t\t<div class=\"elementor-widget-container\">\n\t\t\t\t\t<h2 class=\"elementor-heading-title elementor-size-default\">ESTABILIDAD DE LAS VITAMINAS EN EL FORRAJE\n<\/h2>\t\t\t\t<\/div>\n\t\t\t\t<\/div>\n\t\t\t\t<div class=\"elementor-element elementor-element-5fa948b8 elementor-widget elementor-widget-text-editor\" data-id=\"5fa948b8\" data-element_type=\"widget\" data-e-type=\"widget\" data-widget_type=\"text-editor.default\">\n\t\t\t\t<div class=\"elementor-widget-container\">\n\t\t\t\t\t\t\t\t\t<p>El forraje desempe\u00f1a un papel importante en el suministro de vitaminas a los rumiantes. Sin embargo, el contenido vitam\u00ednico de los forrajes es muy variable e impredecible, y se ve afectado por los siguientes factores:<\/p>\t\t\t\t\t\t\t\t<\/div>\n\t\t\t\t<\/div>\n\t\t\t\t<div class=\"elementor-element elementor-element-6eab8343 elementor-drop-cap-yes elementor-drop-cap-view-default elementor-widget elementor-widget-text-editor\" data-id=\"6eab8343\" data-element_type=\"widget\" data-e-type=\"widget\" data-settings=\"{&quot;drop_cap&quot;:&quot;yes&quot;}\" data-widget_type=\"text-editor.default\">\n\t\t\t\t<div class=\"elementor-widget-container\">\n\t\t\t\t\t\t\t\t\t<p>1 <b><strong>Especies de forraje<\/strong>: <\/b><span style=\"font-weight: 400;\">Las hierbas generalmente tienen el nivel m\u00e1s bajo de \u1d66-caroteno (146 mg\/kg DM) mientras que las legumbres tienen el nivel m\u00e1s alto (438 mg kg21 DM). Las diferencias en el nivel de \u1d66-caroteno se deben principalmente a la relaci\u00f3n hoja\/tallo de la planta y a la capacidad de la planta para sintetizarlo.<\/span><\/p>\t\t\t\t\t\t\t\t<\/div>\n\t\t\t\t<\/div>\n\t\t\t\t<div class=\"elementor-element elementor-element-33cc1654 elementor-widget elementor-widget-image\" data-id=\"33cc1654\" data-element_type=\"widget\" data-e-type=\"widget\" data-widget_type=\"image.default\">\n\t\t\t\t<div class=\"elementor-widget-container\">\n\t\t\t\t\t\t\t\t\t\t\t\t\t\t\t\t<a href=\"https:\/\/metalteco.com\/wp-content\/uploads\/2022\/08\/estabilidad-vitaminas-balanceados-int.jpg\" data-elementor-open-lightbox=\"yes\" data-elementor-lightbox-title=\"estabilidad-vitaminas-balanceados-int.jpg\" data-e-action-hash=\"#elementor-action%3Aaction%3Dlightbox%26settings%3DeyJpZCI6NDA2NCwidXJsIjoiaHR0cHM6XC9cL21ldGFsdGVjby5jb21cL3dwLWNvbnRlbnRcL3VwbG9hZHNcLzIwMjJcLzA4XC9lc3RhYmlsaWRhZC12aXRhbWluYXMtYmFsYW5jZWFkb3MtaW50LmpwZyJ9\">\n\t\t\t\t\t\t\t<img fetchpriority=\"high\" decoding=\"async\" width=\"1200\" height=\"600\" src=\"https:\/\/metalteco.com\/wp-content\/uploads\/2022\/08\/estabilidad-vitaminas-balanceados-int.jpg\" class=\"attachment-full size-full wp-image-4064\" alt=\"\" srcset=\"https:\/\/metalteco.com\/wp-content\/uploads\/2022\/08\/estabilidad-vitaminas-balanceados-int.jpg 1200w, https:\/\/metalteco.com\/wp-content\/uploads\/2022\/08\/estabilidad-vitaminas-balanceados-int-300x150.jpg 300w, https:\/\/metalteco.com\/wp-content\/uploads\/2022\/08\/estabilidad-vitaminas-balanceados-int-1024x512.jpg 1024w, https:\/\/metalteco.com\/wp-content\/uploads\/2022\/08\/estabilidad-vitaminas-balanceados-int-768x384.jpg 768w\" sizes=\"(max-width: 1200px) 100vw, 1200px\" \/>\t\t\t\t\t\t\t\t<\/a>\n\t\t\t\t\t\t\t\t\t\t\t\t\t\t\t<\/div>\n\t\t\t\t<\/div>\n\t\t\t\t<div class=\"elementor-element elementor-element-47059742 elementor-drop-cap-yes elementor-drop-cap-view-default elementor-widget elementor-widget-text-editor\" data-id=\"47059742\" data-element_type=\"widget\" data-e-type=\"widget\" data-settings=\"{&quot;drop_cap&quot;:&quot;yes&quot;}\" data-widget_type=\"text-editor.default\">\n\t\t\t\t<div class=\"elementor-widget-container\">\n\t\t\t\t\t\t\t\t\t<p>2 <b><strong>La Etapa de Madurez<\/strong>: <span style=\"font-weight: 400;\">Los niveles de \u1d66-caroteno y \ud835\udefc-tocoferol en las hierbas y legumbres son muy altos en las etapas j\u00f3venes y se reducen a medida que la planta madura. En la madurez, las plantas pueden tener entre el 10% (en el caso de las gram\u00edneas) y el 40% (en el caso de las legumbres) del valor del caroteno de las plantas inmaduras.<\/span><\/b><\/p>\t\t\t\t\t\t\t\t<\/div>\n\t\t\t\t<\/div>\n\t\t\t\t<div class=\"elementor-element elementor-element-73b99c09 elementor-widget elementor-widget-text-editor\" data-id=\"73b99c09\" data-element_type=\"widget\" data-e-type=\"widget\" data-widget_type=\"text-editor.default\">\n\t\t\t\t<div class=\"elementor-widget-container\">\n\t\t\t\t\t\t\t\t\t<p><span style=\"color: #333333;\">Equipo Relacionado:<\/span> <a href=\"https:\/\/metalteco.com\/en\/feed-milling-equipment-hammer-mill\/\" target=\"_blank\" rel=\"noopener\"><span style=\"color: #ed1c24;\"><strong>Molino de Martillos<\/strong><\/span><\/a><\/p>\t\t\t\t\t\t\t\t<\/div>\n\t\t\t\t<\/div>\n\t\t\t\t<div class=\"elementor-element elementor-element-77f15960 elementor-widget elementor-widget-text-editor\" data-id=\"77f15960\" data-element_type=\"widget\" data-e-type=\"widget\" data-widget_type=\"text-editor.default\">\n\t\t\t\t<div class=\"elementor-widget-container\">\n\t\t\t\t\t\t\t\t\t<p>El principal factor responsable de la variaci\u00f3n de los niveles de \u1d66-caroteno y \ud835\udefc-tocoferol de los forrajes en el curso de su maduraci\u00f3n es el cambio en la proporci\u00f3n de la hoja al tallo, porque las hojas son considerablemente m\u00e1s ricas en estas vitaminas que los tallos. La formaci\u00f3n de los tallos va acompa\u00f1ada de un aumento de la concentraci\u00f3n de DM; por lo tanto, existe una correlaci\u00f3n negativa entre el contenido de DM y el nivel de \u1d66-caroteno.<\/p>\t\t\t\t\t\t\t\t<\/div>\n\t\t\t\t<\/div>\n\t\t\t\t<div class=\"elementor-element elementor-element-54481b0f elementor-drop-cap-yes elementor-drop-cap-view-default elementor-widget elementor-widget-text-editor\" data-id=\"54481b0f\" data-element_type=\"widget\" data-e-type=\"widget\" data-settings=\"{&quot;drop_cap&quot;:&quot;yes&quot;}\" data-widget_type=\"text-editor.default\">\n\t\t\t\t<div class=\"elementor-widget-container\">\n\t\t\t\t\t\t\t\t\t<p>3 <b><strong>Las Condiciones Clim\u00e1ticas<\/strong>: <span style=\"font-weight: 400;\">Para una determinada etapa de crecimiento, un forraje es m\u00e1s rico en \u1d66-caroteno y \ud835\udefc-tocoferol cuando se cultiva bajo condiciones de lluvia con una baja temperatura. La influencia positiva de estas condiciones se relaciona con el aumento de la proporci\u00f3n de hojas en el tallo, que contribuye m\u00e1s al aumento del nivel de \u1d66-caroteno \ud835\udefc-tocoferol.<\/span><\/b><\/p>\t\t\t\t\t\t\t\t<\/div>\n\t\t\t\t<\/div>\n\t\t\t\t<div class=\"elementor-element elementor-element-454e6a61 elementor-drop-cap-yes elementor-drop-cap-view-default elementor-widget elementor-widget-text-editor\" data-id=\"454e6a61\" data-element_type=\"widget\" data-e-type=\"widget\" data-settings=\"{&quot;drop_cap&quot;:&quot;yes&quot;}\" data-widget_type=\"text-editor.default\">\n\t\t\t\t<div class=\"elementor-widget-container\">\n\t\t\t\t\t\t\t\t\t<p>4 <b><strong>El secado:<\/strong> <span style=\"font-weight: 400;\">El secado de los cultivos, ya sea en el suelo o en graneros, reduce los niveles de vitaminas. Los forrajes expuestos a la lluvia y luego secados al sol tienen menos \u1d66-caroteno que los forrajes secados al sol. Por lo tanto, si el forraje se almacena expuesto al sol durante un per\u00edodo de tiempo prolongado y al mismo tiempo se expone a lluvias, la destrucci\u00f3n de \u1d66-caroteno es casi completa.<\/span><\/b><\/p>\t\t\t\t\t\t\t\t<\/div>\n\t\t\t\t<\/div>\n\t\t\t\t<div class=\"elementor-element elementor-element-8198fa elementor-drop-cap-yes elementor-drop-cap-view-default elementor-widget elementor-widget-text-editor\" data-id=\"8198fa\" data-element_type=\"widget\" data-e-type=\"widget\" data-settings=\"{&quot;drop_cap&quot;:&quot;yes&quot;}\" data-widget_type=\"text-editor.default\">\n\t\t\t\t<div class=\"elementor-widget-container\">\n\t\t\t\t\t\t\t\t\t<p>5 <b><strong>Almacenamiento en silos<\/strong><strong>:<\/strong> <span style=\"font-weight: 400;\">La estabilidad de algunas vitaminas, como la vitamina A, puede verse afectada negativamente si el forraje se almacena en silos mohosos o averiados durante largos per\u00edodos. Los s\u00edntomas de una deficiencia de vitamina A incluyen problemas reproductivos tanto en machos como en hembras. Las vacas embarazadas pueden abortar, retener la placenta y desarrollar una infecci\u00f3n uterina o dar a luz terneros d\u00e9biles, muertos o ciegos. Los toros con una deficiencia de vitamina A producen semen con un n\u00famero bajo de espermatozoides y un n\u00famero alto de anormalidades. Para evitar que se desarrollen mohos en el silo, deben seguirse estrictamente las pr\u00e1cticas de producci\u00f3n que preservan la calidad:<\/span><\/b><\/p>\t\t\t\t\t\t\t\t<\/div>\n\t\t\t\t<\/div>\n\t\t\t\t<div class=\"elementor-element elementor-element-7438bc6c elementor-widget elementor-widget-text-editor\" data-id=\"7438bc6c\" data-element_type=\"widget\" data-e-type=\"widget\" data-widget_type=\"text-editor.default\">\n\t\t\t\t<div class=\"elementor-widget-container\">\n\t\t\t\t\t\t\t\t\t<ul><li>Cosecha con el contenido de humedad adecuado (30-35 %)<\/li><li>Cortar uniformemente a la longitud adecuada para permitir una mejor compactaci\u00f3n y exclusi\u00f3n del aire.<\/li><li>Llenar el silo r\u00e1pidamente<\/li><li>Si se usa silo horizontal, cubrirlo inmediatamente despu\u00e9s del llenado<\/li><li>El uso de aditivos de ensilado (como el amon\u00edaco, el \u00e1cido propi\u00f3nico, los cultivos microbianos o aditivos enzim\u00e1ticos) pueden ser beneficiosos para prevenir el crecimiento de moho.<\/li><\/ul>\t\t\t\t\t\t\t\t<\/div>\n\t\t\t\t<\/div>\n\t\t\t\t<div class=\"elementor-element elementor-element-61c43e2e elementor-widget elementor-widget-heading\" data-id=\"61c43e2e\" data-element_type=\"widget\" data-e-type=\"widget\" data-widget_type=\"heading.default\">\n\t\t\t\t<div class=\"elementor-widget-container\">\n\t\t\t\t\t<h2 class=\"elementor-heading-title elementor-size-default\">ESTABILIDAD DE LAS VITAMINAS SINT\u00c9TICAS<\/h2>\t\t\t\t<\/div>\n\t\t\t\t<\/div>\n\t\t\t\t<div class=\"elementor-element elementor-element-5fbbce79 elementor-widget elementor-widget-text-editor\" data-id=\"5fbbce79\" data-element_type=\"widget\" data-e-type=\"widget\" data-widget_type=\"text-editor.default\">\n\t\t\t\t<div class=\"elementor-widget-container\">\n\t\t\t\t\t\t\t\t\t<p>Con la llegada de la producci\u00f3n ganadera intensiva, la producci\u00f3n de vitaminas sint\u00e9ticas en forma de premezcla se hizo esencial, ya que son m\u00e1s estables que las vitaminas de los forrajes. Esta estabilidad, sin embargo, depende de algunos factores:<\/p>\t\t\t\t\t\t\t\t<\/div>\n\t\t\t\t<\/div>\n\t\t\t\t<div class=\"elementor-element elementor-element-487f044b elementor-drop-cap-yes elementor-drop-cap-view-default elementor-widget elementor-widget-text-editor\" data-id=\"487f044b\" data-element_type=\"widget\" data-e-type=\"widget\" data-settings=\"{&quot;drop_cap&quot;:&quot;yes&quot;}\" data-widget_type=\"text-editor.default\">\n\t\t\t\t<div class=\"elementor-widget-container\">\n\t\t\t\t\t\t\t\t\t<p>1 <b><strong>Composici\u00f3n de la premezcla<\/strong>: <\/b><span style=\"font-weight: 400;\">Las vitaminas son bastante sensibles a su entorno f\u00edsico y qu\u00edmico, siendo las reacciones de oxidaci\u00f3n-reducci\u00f3n debidas al contacto con oligoelementos la causa predominante de su inestabilidad. El tipo de oligoelemento puede tener un efecto significativo en la estabilidad de las vitaminas. Los iones met\u00e1licos libres, los sulfatos, los carbonatos y los \u00f3xidos (las formas primarias de oligoelementos inorg\u00e1nicos utilizados) son los m\u00e1s reactivos, mientras que los quelatos (una clasificaci\u00f3n de los oligoelementos org\u00e1nicos) son los menos sensibles. Por lo tanto, la pr\u00e1ctica actual de sobrefortificaci\u00f3n con oligoelementos inorg\u00e1nicos puede tener inadvertidamente un efecto negativo en la estabilidad de las vitaminas y, por lo tanto, repercutir indirectamente en la salud y el rendimiento de los animales.<\/span><\/p>\t\t\t\t\t\t\t\t<\/div>\n\t\t\t\t<\/div>\n\t\t\t\t<div class=\"elementor-element elementor-element-1b601781 elementor-drop-cap-yes elementor-drop-cap-view-default elementor-widget elementor-widget-text-editor\" data-id=\"1b601781\" data-element_type=\"widget\" data-e-type=\"widget\" data-settings=\"{&quot;drop_cap&quot;:&quot;yes&quot;}\" data-widget_type=\"text-editor.default\">\n\t\t\t\t<div class=\"elementor-widget-container\">\n\t\t\t\t\t\t\t\t\t<p>2 <b><strong>Peletizado<\/strong>: <span style=\"font-weight: 400;\">El peletizado es el proceso m\u00e1s agresivo contra las vitaminas, debido a la adici\u00f3n de calor. Sin embargo, hay poca o ninguna destrucci\u00f3n de vitaminas con temperaturas de peletizado de hasta 80\u00b0C. A temperaturas de peletizado m\u00e1s altas, la modificaci\u00f3n qu\u00edmica puede mejorar la estabilidad de algunas vitaminas, como la vitamina C. El recubrimiento o encapsulado con carbohidratos, prote\u00ednas o etilcelulosa da a las vitaminas como la vitamina A y D3 una mayor protecci\u00f3n contra el calor, la humedad y la presi\u00f3n durante el peletizado.<\/span><\/b><\/p>\t\t\t\t\t\t\t\t<\/div>\n\t\t\t\t<\/div>\n\t\t\t\t<div class=\"elementor-element elementor-element-2afa9b74 elementor-widget elementor-widget-text-editor\" data-id=\"2afa9b74\" data-element_type=\"widget\" data-e-type=\"widget\" data-widget_type=\"text-editor.default\">\n\t\t\t\t<div class=\"elementor-widget-container\">\n\t\t\t\t\t\t\t\t\t<p>En general, la mejor pr\u00e1ctica es entender qu\u00e9 componentes vitam\u00ednicos tiene la premezcla, y adaptar las temperaturas de peletizado a estos componentes.<\/p>\t\t\t\t\t\t\t\t<\/div>\n\t\t\t\t<\/div>\n\t\t\t\t<div class=\"elementor-element elementor-element-277856d7 elementor-drop-cap-yes elementor-drop-cap-view-default elementor-widget elementor-widget-text-editor\" data-id=\"277856d7\" data-element_type=\"widget\" data-e-type=\"widget\" data-settings=\"{&quot;drop_cap&quot;:&quot;yes&quot;}\" data-widget_type=\"text-editor.default\">\n\t\t\t\t<div class=\"elementor-widget-container\">\n\t\t\t\t\t\t\t\t\t<p>3 <b><strong>Almacenamiento<\/strong>: <span style=\"font-weight: 400;\">Las premezclas que contienen vitaminas pueden almacenarse durante unos 3 o 4 meses. Sin embargo, el tiempo de almacenamiento no debe exceder los 60 d\u00edas si la colina y los oligoelementos est\u00e1n presentes en combinaci\u00f3n con las vitaminas de la premezcla. Adem\u00e1s, el uso de barreras como las bolsas forradas de pl\u00e1stico ayudan a reducir la absorci\u00f3n de humedad, mejorando as\u00ed la estabilidad de las vitaminas.<\/span><\/b><\/p>\t\t\t\t\t\t\t\t<\/div>\n\t\t\t\t<\/div>\n\t\t\t\t<div class=\"elementor-element elementor-element-7ebadeba elementor-widget elementor-widget-text-editor\" data-id=\"7ebadeba\" data-element_type=\"widget\" data-e-type=\"widget\" data-widget_type=\"text-editor.default\">\n\t\t\t\t<div class=\"elementor-widget-container\">\n\t\t\t\t\t\t\t\t\t<p><span style=\"color: #333333;\">References:<\/span> <span style=\"color: #ed1c24;\"><strong><a href=\"https:\/\/www.allaboutfeed.net\/Feed-Additives\/Articles\/2020\/5\/Factors-affecting-vitamin-stability-in-animal-feed-587162E\/?utm_source=tripolis&amp;utm_medium=email&amp;utm_term=&amp;utm_content=&amp;utm_campaign=all_about_feed\" target=\"_blank\" rel=\"noopener\">Allboutfeed.net<\/a> &#8211; Dr Salah Hamed Esmail &#8211; Independent freelance journalist<\/strong><\/span><\/p>\t\t\t\t\t\t\t\t<\/div>\n\t\t\t\t<\/div>\n\t\t\t\t<div class=\"elementor-element elementor-element-450512c0 elementor-widget elementor-widget-text-editor\" data-id=\"450512c0\" data-element_type=\"widget\" data-e-type=\"widget\" data-widget_type=\"text-editor.default\">\n\t\t\t\t<div class=\"elementor-widget-container\">\n\t\t\t\t\t\t\t\t\t<p><span style=\"color: #333333;\">Traducido de:<\/span> <span style=\"color: #ed1c24;\"><strong>Allboutfeed.net <\/strong><\/span><\/p>\t\t\t\t\t\t\t\t<\/div>\n\t\t\t\t<\/div>\n\t\t\t\t\t<\/div>\n\t\t<\/div>\n\t\t\t\t<div class=\"elementor-column elementor-col-33 elementor-top-column elementor-element elementor-element-662bd4a1 elementor-hidden-tablet\" data-id=\"662bd4a1\" data-element_type=\"column\" data-e-type=\"column\" data-settings=\"{&quot;background_background&quot;:&quot;classic&quot;}\">\n\t\t\t<div class=\"elementor-widget-wrap elementor-element-populated\">\n\t\t\t\t\t\t<div class=\"elementor-element elementor-element-53b42a33 elementor-hidden-phone elementor-widget elementor-widget-template\" data-id=\"53b42a33\" data-element_type=\"widget\" data-e-type=\"widget\" data-widget_type=\"template.default\">\n\t\t\t\t<div class=\"elementor-widget-container\">\n\t\t\t\t\t\t\t<div class=\"elementor-template\">\n\t\t\t\t\t<div data-elementor-type=\"section\" data-elementor-id=\"4322\" class=\"elementor elementor-4322\" data-elementor-post-type=\"elementor_library\">\n\t\t\t\t\t<article class=\"elementor-section elementor-top-section elementor-element elementor-element-2f674ed0 elementor-section-full_width elementor-section-height-default elementor-section-height-default\" data-id=\"2f674ed0\" data-element_type=\"section\" data-e-type=\"section\">\n\t\t\t\t\t\t<div class=\"elementor-container elementor-column-gap-no\">\n\t\t\t\t\t<div class=\"elementor-column elementor-col-100 elementor-top-column elementor-element elementor-element-3000edbc\" data-id=\"3000edbc\" data-element_type=\"column\" data-e-type=\"column\">\n\t\t\t<div class=\"elementor-widget-wrap elementor-element-populated\">\n\t\t\t\t\t\t<div class=\"elementor-element elementor-element-74dbaac3 elementor-widget elementor-widget-image\" data-id=\"74dbaac3\" data-element_type=\"widget\" data-e-type=\"widget\" data-widget_type=\"image.default\">\n\t\t\t\t<div class=\"elementor-widget-container\">\n\t\t\t\t\t\t\t\t\t\t\t\t\t\t\t\t<a href=\"https:\/\/metalteco.com\/en\/catalogs\/\">\n\t\t\t\t\t\t\t<img decoding=\"async\" width=\"300\" height=\"600\" src=\"https:\/\/metalteco.com\/wp-content\/uploads\/2022\/09\/metalteco-banner-catalogos-informacion.jpg\" class=\"attachment-full size-full wp-image-4321\" alt=\"\" srcset=\"https:\/\/metalteco.com\/wp-content\/uploads\/2022\/09\/metalteco-banner-catalogos-informacion.jpg 300w, https:\/\/metalteco.com\/wp-content\/uploads\/2022\/09\/metalteco-banner-catalogos-informacion-150x300.jpg 150w\" sizes=\"(max-width: 300px) 100vw, 300px\" \/>\t\t\t\t\t\t\t\t<\/a>\n\t\t\t\t\t\t\t\t\t\t\t\t\t\t\t<\/div>\n\t\t\t\t<\/div>\n\t\t\t\t\t<\/div>\n\t\t<\/div>\n\t\t\t\t\t<\/div>\n\t\t<\/article>\n\t\t\t\t<\/div>\n\t\t\t\t<\/div>\n\t\t\t\t\t\t<\/div>\n\t\t\t\t<\/div>\n\t\t\t\t<div class=\"elementor-element elementor-element-10c24843 elementor-hidden-phone elementor-widget elementor-widget-eael-post-list\" data-id=\"10c24843\" data-element_type=\"widget\" data-e-type=\"widget\" data-widget_type=\"eael-post-list.default\">\n\t\t\t\t<div class=\"elementor-widget-container\">\n\t\t\t\t\t<div class=\"eael-post-list-container default layout-default\"><div class=\"eael-post-list-header\"><div class=\"header-title\">\n                            <h2 class=\"title\">Contenido Metalteco<\/h2>\n                        <\/div><\/div><div class=\"eael-post-list-wrap\"><div class=\"eael-post-list-posts-wrap eael-post-appender eael-post-appender-10c24843\"><div class=\"eael-post-list-post\"><div class=\"eael-post-list-thumbnail\"><a href=\"https:\/\/metalteco.com\/en\/feed-milling-equipment-bucket-elevator\/\">\n                            <img decoding=\"async\" src=\"https:\/\/metalteco.com\/wp-content\/uploads\/2019\/07\/miniatura-elevadores-de-cangilones-metalteco.jpg\" alt=\"Miniature port equipment: Bucket Elevators\">\n                        <\/a><\/div><div class=\"eael-post-list-content\"><h2 class=\"eael-post-list-title\"><a href=\"https:\/\/metalteco.com\/en\/feed-milling-equipment-bucket-elevator\/\" >BUCKET ELEVATOR<\/a><\/h2><div class=\"meta\"><span class=\"eael-post-published-date\"><i class=\"far fa-calendar-alt\"><\/i> January 13, 2020<\/span><\/div><\/div><\/div><div class=\"eael-post-list-post\"><div class=\"eael-post-list-thumbnail\"><a href=\"https:\/\/metalteco.com\/en\/pellet-coating-oiler\/\">\n                            <img decoding=\"async\" src=\"https:\/\/metalteco.com\/wp-content\/uploads\/engrasador-pellet-miniatura.jpg\" alt=\"Miniature Concentrated Food Equipment: Lubrication Systems\">\n                        <\/a><\/div><div class=\"eael-post-list-content\"><h2 class=\"eael-post-list-title\"><a href=\"https:\/\/metalteco.com\/en\/pellet-coating-oiler\/\" >GREASE GUN - PELLET COATER<\/a><\/h2><div class=\"meta\"><span class=\"eael-post-published-date\"><i class=\"far fa-calendar-alt\"><\/i> January 16, 2020<\/span><\/div><\/div><\/div><div class=\"eael-post-list-post\"><div class=\"eael-post-list-thumbnail\"><a href=\"https:\/\/metalteco.com\/en\/cyclone-filter\/\">\n                            <img decoding=\"async\" src=\"https:\/\/metalteco.com\/wp-content\/uploads\/filtro-ciclon-miniatura-metalteco.jpg\" alt=\"\">\n                        <\/a><\/div><div class=\"eael-post-list-content\"><h2 class=\"eael-post-list-title\"><a href=\"https:\/\/metalteco.com\/en\/cyclone-filter\/\" >CYCLONE FILTER<\/a><\/h2><div class=\"meta\"><span class=\"eael-post-published-date\"><i class=\"far fa-calendar-alt\"><\/i> January 13, 2020<\/span><\/div><\/div><\/div><div class=\"eael-post-list-post\"><div class=\"eael-post-list-thumbnail\"><a href=\"https:\/\/metalteco.com\/en\/feed-milling-equipment-bulk-dispatch\/\">\n                            <img decoding=\"async\" src=\"https:\/\/metalteco.com\/wp-content\/uploads\/2019\/07\/miniatura-despacho-a-granel-metalteco.jpg\" alt=\"Miniature Concentrated Food Equipment: Bulk Shipment\">\n                        <\/a><\/div><div class=\"eael-post-list-content\"><h2 class=\"eael-post-list-title\"><a href=\"https:\/\/metalteco.com\/en\/feed-milling-equipment-bulk-dispatch\/\" >BULK SHIPMENT<\/a><\/h2><div class=\"meta\"><span class=\"eael-post-published-date\"><i class=\"far fa-calendar-alt\"><\/i> January 13, 2020<\/span><\/div><\/div><\/div><div class=\"eael-post-list-post\"><div class=\"eael-post-list-thumbnail\"><a href=\"https:\/\/metalteco.com\/en\/extruder-feed-milling-equipment\/\">\n                            <img decoding=\"async\" src=\"https:\/\/metalteco.com\/wp-content\/uploads\/2019\/07\/miniatura-extrusi\u00f3n-metalteco.jpg\" alt=\"Miniature concentrated food equipment: Extruder\">\n                        <\/a><\/div><div class=\"eael-post-list-content\"><h2 class=\"eael-post-list-title\"><a href=\"https:\/\/metalteco.com\/en\/extruder-feed-milling-equipment\/\" >EXTRUDER<\/a><\/h2><div class=\"meta\"><span class=\"eael-post-published-date\"><i class=\"far fa-calendar-alt\"><\/i> January 13, 2020<\/span><\/div><\/div><\/div><div class=\"eael-post-list-post\"><div class=\"eael-post-list-thumbnail\"><a href=\"https:\/\/metalteco.com\/en\/feed-milling-equipment-receiving-hoppers\/\">\n                            <img decoding=\"async\" src=\"https:\/\/metalteco.com\/wp-content\/uploads\/2019\/07\/miniatura-recibo-y-almacenamiento-metalteco.jpg\" alt=\"Miniature Concentrated Food Equipment: Receiving Hopper\">\n                        <\/a><\/div><div class=\"eael-post-list-content\"><h2 class=\"eael-post-list-title\"><a href=\"https:\/\/metalteco.com\/en\/feed-milling-equipment-receiving-hoppers\/\" >RECEIVING HOPPERS<\/a><\/h2><div class=\"meta\"><span class=\"eael-post-published-date\"><i class=\"far fa-calendar-alt\"><\/i> January 13, 2020<\/span><\/div><\/div><\/div><div class=\"eael-post-list-post\"><div class=\"eael-post-list-thumbnail\"><a href=\"https:\/\/metalteco.com\/en\/feed-milling-equipment-mill-feeder\/\">\n                            <img decoding=\"async\" src=\"https:\/\/metalteco.com\/wp-content\/uploads\/2019\/03\/miniatura-alimentador-rotativo-de-molino-metalteco.jpg\" alt=\"Miniature Concentrated Food Equipment: Rotary Mill Feeder\">\n                        <\/a><\/div><div class=\"eael-post-list-content\"><h2 class=\"eael-post-list-title\"><a href=\"https:\/\/metalteco.com\/en\/feed-milling-equipment-mill-feeder\/\" >MILL FEEDER<\/a><\/h2><div class=\"meta\"><span class=\"eael-post-published-date\"><i class=\"far fa-calendar-alt\"><\/i> January 13, 2020<\/span><\/div><\/div><\/div><div class=\"eael-post-list-post\"><div class=\"eael-post-list-thumbnail\"><a href=\"https:\/\/metalteco.com\/en\/rotary-grain-cleaner-2\/\">\n                            <img decoding=\"async\" src=\"https:\/\/metalteco.com\/wp-content\/uploads\/limpiadora-de-cereales-rotativa-metalteco.jpg\" alt=\"\">\n                        <\/a><\/div><div class=\"eael-post-list-content\"><h2 class=\"eael-post-list-title\"><a href=\"https:\/\/metalteco.com\/en\/rotary-grain-cleaner-2\/\" >ROTARY GRAIN CLEANER<\/a><\/h2><div class=\"meta\"><span class=\"eael-post-published-date\"><i class=\"far fa-calendar-alt\"><\/i> January 13, 2020<\/span><\/div><\/div><\/div><\/div><\/div>\n\t\t<\/div>\t\t\t\t<\/div>\n\t\t\t\t<\/div>\n\t\t\t\t<div class=\"elementor-element elementor-element-4b44d6a1 elementor-widget elementor-widget-template\" data-id=\"4b44d6a1\" data-element_type=\"widget\" data-e-type=\"widget\" data-widget_type=\"template.default\">\n\t\t\t\t<div class=\"elementor-widget-container\">\n\t\t\t\t\t\t\t<div class=\"elementor-template\">\n\t\t\t\t\t<div data-elementor-type=\"page\" data-elementor-id=\"4319\" class=\"elementor elementor-4319\" data-elementor-post-type=\"elementor_library\">\n\t\t\t\t\t\t<article class=\"elementor-section elementor-top-section elementor-element elementor-element-78132fa6 elementor-section-boxed elementor-section-height-default elementor-section-height-default\" data-id=\"78132fa6\" data-element_type=\"section\" data-e-type=\"section\">\n\t\t\t\t\t\t<div class=\"elementor-container elementor-column-gap-no\">\n\t\t\t\t\t<div class=\"elementor-column elementor-col-100 elementor-top-column elementor-element elementor-element-601d55d1\" data-id=\"601d55d1\" data-element_type=\"column\" data-e-type=\"column\">\n\t\t\t<div class=\"elementor-widget-wrap elementor-element-populated\">\n\t\t\t\t\t\t<div class=\"elementor-element elementor-element-8da9cf7 elementor-widget elementor-widget-image\" data-id=\"8da9cf7\" data-element_type=\"widget\" data-e-type=\"widget\" data-widget_type=\"image.default\">\n\t\t\t\t<div class=\"elementor-widget-container\">\n\t\t\t\t\t\t\t\t\t\t\t\t\t\t\t\t<a href=\"https:\/\/metalteco.com\/en\/servicio-corte-laser-industrial\/\">\n\t\t\t\t\t\t\t<img decoding=\"async\" width=\"300\" height=\"250\" src=\"https:\/\/metalteco.com\/wp-content\/uploads\/2022\/09\/metalteco-corte-laser.jpg\" class=\"attachment-full size-full wp-image-4318\" alt=\"\" \/>\t\t\t\t\t\t\t\t<\/a>\n\t\t\t\t\t\t\t\t\t\t\t\t\t\t\t<\/div>\n\t\t\t\t<\/div>\n\t\t\t\t\t<\/div>\n\t\t<\/div>\n\t\t\t\t\t<\/div>\n\t\t<\/article>\n\t\t\t\t<\/div>\n\t\t\t\t<\/div>\n\t\t\t\t\t\t<\/div>\n\t\t\t\t<\/div>\n\t\t\t\t\t<\/div>\n\t\t<\/div>\n\t\t\t\t\t<\/div>\n\t\t<\/section>\n\t\t\t\t<section class=\"elementor-section elementor-top-section elementor-element elementor-element-6883756d elementor-section-full_width elementor-section-height-default elementor-section-height-default\" data-id=\"6883756d\" data-element_type=\"section\" data-e-type=\"section\">\n\t\t\t\t\t\t<div class=\"elementor-container elementor-column-gap-no\">\n\t\t\t\t\t<div class=\"elementor-column elementor-col-100 elementor-top-column elementor-element elementor-element-18725004\" data-id=\"18725004\" data-element_type=\"column\" data-e-type=\"column\">\n\t\t\t<div class=\"elementor-widget-wrap elementor-element-populated\">\n\t\t\t\t\t\t<div class=\"elementor-element elementor-element-21a5ab1f elementor-widget elementor-widget-heading\" data-id=\"21a5ab1f\" data-element_type=\"widget\" data-e-type=\"widget\" data-widget_type=\"heading.default\">\n\t\t\t\t<div class=\"elementor-widget-container\">\n\t\t\t\t\t<h4 class=\"elementor-heading-title elementor-size-default\">Related Products<\/h4>\t\t\t\t<\/div>\n\t\t\t\t<\/div>\n\t\t\t\t<div class=\"elementor-element elementor-element-15bed985 elementor-grid-eael-col-4 elementor-grid-tablet-eael-col-2 elementor-grid-mobile-eael-col-1 elementor-widget elementor-widget-eael-post-grid\" data-id=\"15bed985\" data-element_type=\"widget\" data-e-type=\"widget\" data-settings=\"{&quot;eael_post_grid_columns&quot;:&quot;eael-col-4&quot;,&quot;eael_post_grid_columns_tablet&quot;:&quot;eael-col-2&quot;,&quot;eael_post_grid_columns_mobile&quot;:&quot;eael-col-1&quot;}\" data-widget_type=\"eael-post-grid.default\">\n\t\t\t\t<div class=\"elementor-widget-container\">\n\t\t\t\t\t<div id=\"eael-post-grid-15bed985\" class=\"eael-post-grid-container\">\n            <div class=\"eael-post-grid eael-post-appender eael-post-appender-15bed985 eael-post-grid-style-one\" data-layout-mode=\"masonry\"><article class=\"eael-grid-post  eael-post-grid-column eael-pg-post-1227 category-proyectos-alimentos-concentrados\" data-id=\"1227\">\n        <div class=\"eael-grid-post-holder\">\n            <div class=\"eael-grid-post-holder-inner\"><div class=\"eael-entry-media\"><div class=\"eael-entry-overlay fade-in\"><img decoding=\"async\" src=\"https:\/\/metalteco.com\/wp-content\/uploads\/2022\/08\/icono-metalteco.svg\" alt=\"Metalteco Icon\" \/><a href=\"https:\/\/metalteco.com\/en\/proyectos-alimentos-concentrados-avimol\/\"><\/a><\/div><div class=\"eael-entry-thumbnail\">\n                <img loading=\"lazy\" decoding=\"async\" width=\"480\" height=\"480\" src=\"https:\/\/metalteco.com\/wp-content\/uploads\/2019\/10\/miniatura-avimol-metalteco.jpg\" class=\"attachment-full size-full wp-image-1231\" alt=\"Miniature concentrated food projects: Avimol\" srcset=\"https:\/\/metalteco.com\/wp-content\/uploads\/2019\/10\/miniatura-avimol-metalteco.jpg 480w, https:\/\/metalteco.com\/wp-content\/uploads\/2019\/10\/miniatura-avimol-metalteco-300x300.jpg 300w, https:\/\/metalteco.com\/wp-content\/uploads\/2019\/10\/miniatura-avimol-metalteco-150x150.jpg 150w\" sizes=\"(max-width: 480px) 100vw, 480px\" \/>\n            <\/div>\n        <\/div><div class=\"eael-entry-wrapper\"><header class=\"eael-entry-header\"><h2 class=\"eael-entry-title\"><a class=\"eael-grid-post-link\" href=\"https:\/\/metalteco.com\/en\/proyectos-alimentos-concentrados-avimol\/\" title=\"AVIMOL - FEED MILL\">AVIMOL - FEED MILL<\/a><\/h2><\/header><\/div><\/div>\n        <\/div>\n    <\/article><article class=\"eael-grid-post  eael-post-grid-column eael-pg-post-1221 category-proyectos-alimentos-concentrados\" data-id=\"1221\">\n        <div class=\"eael-grid-post-holder\">\n            <div class=\"eael-grid-post-holder-inner\"><div class=\"eael-entry-media\"><div class=\"eael-entry-overlay fade-in\"><img decoding=\"async\" src=\"https:\/\/metalteco.com\/wp-content\/uploads\/2022\/08\/icono-metalteco.svg\" alt=\"Metalteco Icon\" \/><a href=\"https:\/\/metalteco.com\/en\/proyectos-alimentos-concentrados-pollos-bucanero\/\"><\/a><\/div><div class=\"eael-entry-thumbnail\">\n                <img loading=\"lazy\" decoding=\"async\" width=\"480\" height=\"480\" src=\"https:\/\/metalteco.com\/wp-content\/uploads\/2019\/10\/miniatura-pollos-bucanero-metalteco.jpg\" class=\"attachment-full size-full wp-image-1226\" alt=\"Miniature concentrated food projects: Buccaneer Chickens\" srcset=\"https:\/\/metalteco.com\/wp-content\/uploads\/2019\/10\/miniatura-pollos-bucanero-metalteco.jpg 480w, https:\/\/metalteco.com\/wp-content\/uploads\/2019\/10\/miniatura-pollos-bucanero-metalteco-300x300.jpg 300w, https:\/\/metalteco.com\/wp-content\/uploads\/2019\/10\/miniatura-pollos-bucanero-metalteco-150x150.jpg 150w\" sizes=\"(max-width: 480px) 100vw, 480px\" \/>\n            <\/div>\n        <\/div><div class=\"eael-entry-wrapper\"><header class=\"eael-entry-header\"><h2 class=\"eael-entry-title\"><a class=\"eael-grid-post-link\" href=\"https:\/\/metalteco.com\/en\/proyectos-alimentos-concentrados-pollos-bucanero\/\" title=\"BUCANERO \/ CARGILL - BALANCING PLANT\">BUCANERO \/ CARGILL - BALANCING PLANT<\/a><\/h2><\/header><\/div><\/div>\n        <\/div>\n    <\/article><article class=\"eael-grid-post  eael-post-grid-column eael-pg-post-803 category-proyectos-alimentos-concentrados\" data-id=\"803\">\n        <div class=\"eael-grid-post-holder\">\n            <div class=\"eael-grid-post-holder-inner\"><div class=\"eael-entry-media\"><div class=\"eael-entry-overlay fade-in\"><img decoding=\"async\" src=\"https:\/\/metalteco.com\/wp-content\/uploads\/2022\/08\/icono-metalteco.svg\" alt=\"Metalteco Icon\" \/><a href=\"https:\/\/metalteco.com\/en\/proyectos-alimentos-concentrados-colanta-itagui\/\"><\/a><\/div><div class=\"eael-entry-thumbnail\">\n                <img loading=\"lazy\" decoding=\"async\" width=\"480\" height=\"480\" src=\"https:\/\/metalteco.com\/wp-content\/uploads\/2019\/03\/miniatura-colanta-itagui-metalteco.jpg\" class=\"attachment-full size-full wp-image-809\" alt=\"Miniature concentrated food projects: Colanta Itagui\" srcset=\"https:\/\/metalteco.com\/wp-content\/uploads\/2019\/03\/miniatura-colanta-itagui-metalteco.jpg 480w, https:\/\/metalteco.com\/wp-content\/uploads\/2019\/03\/miniatura-colanta-itagui-metalteco-300x300.jpg 300w, https:\/\/metalteco.com\/wp-content\/uploads\/2019\/03\/miniatura-colanta-itagui-metalteco-150x150.jpg 150w\" sizes=\"(max-width: 480px) 100vw, 480px\" \/>\n            <\/div>\n        <\/div><div class=\"eael-entry-wrapper\"><header class=\"eael-entry-header\"><h2 class=\"eael-entry-title\"><a class=\"eael-grid-post-link\" href=\"https:\/\/metalteco.com\/en\/proyectos-alimentos-concentrados-colanta-itagui\/\" title=\"COLANTA - FEED MILL\">COLANTA - FEED MILL<\/a><\/h2><\/header><\/div><\/div>\n        <\/div>\n    <\/article><article class=\"eael-grid-post  eael-post-grid-column eael-pg-post-13827 category-proyectos-alimentos-concentrados-uncategorized tags-balanceados-cereales-italcol-proyecto-secamiento\" data-id=\"13827\">\n        <div class=\"eael-grid-post-holder\">\n            <div class=\"eael-grid-post-holder-inner\"><div class=\"eael-entry-media\"><div class=\"eael-entry-overlay fade-in\"><img decoding=\"async\" src=\"https:\/\/metalteco.com\/wp-content\/uploads\/2022\/08\/icono-metalteco.svg\" alt=\"Metalteco Icon\" \/><a href=\"https:\/\/metalteco.com\/en\/proyectos-concentrados-secamiento-cereales\/\"><\/a><\/div><div class=\"eael-entry-thumbnail\">\n                <img loading=\"lazy\" decoding=\"async\" width=\"600\" height=\"600\" src=\"https:\/\/metalteco.com\/wp-content\/uploads\/2024\/09\/italcol-villavicencio-secamiento-cereales-min.webp\" class=\"attachment-full size-full wp-image-13828\" alt=\"Grain drying for italcol villavicencio by Metalteco\" srcset=\"https:\/\/metalteco.com\/wp-content\/uploads\/2024\/09\/italcol-villavicencio-secamiento-cereales-min.webp 600w, https:\/\/metalteco.com\/wp-content\/uploads\/2024\/09\/italcol-villavicencio-secamiento-cereales-min-300x300.webp 300w, https:\/\/metalteco.com\/wp-content\/uploads\/2024\/09\/italcol-villavicencio-secamiento-cereales-min-150x150.webp 150w\" sizes=\"(max-width: 600px) 100vw, 600px\" \/>\n            <\/div>\n        <\/div><div class=\"eael-entry-wrapper\"><header class=\"eael-entry-header\"><h2 class=\"eael-entry-title\"><a class=\"eael-grid-post-link\" href=\"https:\/\/metalteco.com\/en\/proyectos-concentrados-secamiento-cereales\/\" title=\"ITALCOL VILLAVICENCIO - CEREAL DRYING\">ITALCOL VILLAVICENCIO - CEREAL DRYING<\/a><\/h2><\/header><\/div><\/div>\n        <\/div>\n    <\/article><\/div>\n            <div class=\"clearfix\"><\/div>\n        <\/div>            <div class=\"eael-load-more-button-wrap eael-force-hide\">\n                <button class=\"eael-load-more-button\" id=\"eael-load-more-btn-15bed985\" data-widget-id=\"15bed985\" data-widget=\"15bed985\" data-page-id=\"862\" data-template=\"{&quot;dir&quot;:&quot;lite&quot;,&quot;file_name&quot;:&quot;one.php&quot;,&quot;name&quot;:&quot;Post-Grid&quot;}\" data-class=\"Essential_Addons_Elementor\\Elements\\Post_Grid\" data-layout=\"masonry\" data-page=\"1\" data-args=\"orderby=rand&amp;order=desc&amp;ignore_sticky_posts=1&amp;post_status=publish&amp;posts_per_page=4&amp;offset=&amp;post_type=post&amp;tax_query%5B0%5D%5Btaxonomy%5D=category&amp;tax_query%5B0%5D%5Bfield%5D=term_id&amp;tax_query%5B0%5D%5Bterms%5D%5B0%5D=19&amp;tax_query%5Brelation%5D=AND\" data-max-page=\"6\">\n                    <span class=\"eael-btn-loader button__loader\"><\/span>\n                    <span class=\"eael_load_more_text\">LOAD MORE<\/span>\n                <\/button>\n            <\/div>\n            \t\t\t\t<\/div>\n\t\t\t\t<\/div>\n\t\t\t\t\t<\/div>\n\t\t<\/div>\n\t\t\t\t\t<\/div>\n\t\t<\/section>\n\t\t\t\t<section class=\"elementor-section elementor-top-section elementor-element elementor-element-1f091af3 elementor-section-boxed elementor-section-height-default elementor-section-height-default\" data-id=\"1f091af3\" data-element_type=\"section\" data-e-type=\"section\">\n\t\t\t\t\t\t<div class=\"elementor-container elementor-column-gap-default\">\n\t\t\t\t\t<div class=\"elementor-column elementor-col-100 elementor-top-column elementor-element elementor-element-6553542a\" data-id=\"6553542a\" data-element_type=\"column\" data-e-type=\"column\">\n\t\t\t<div class=\"elementor-widget-wrap elementor-element-populated\">\n\t\t\t\t\t\t<div class=\"elementor-element elementor-element-1afe93e3 elementor-widget elementor-widget-image\" data-id=\"1afe93e3\" data-element_type=\"widget\" data-e-type=\"widget\" data-widget_type=\"image.default\">\n\t\t\t\t<div class=\"elementor-widget-container\">\n\t\t\t\t\t\t\t\t\t\t\t\t\t\t\t<img loading=\"lazy\" decoding=\"async\" width=\"42\" height=\"32\" src=\"https:\/\/metalteco.com\/wp-content\/uploads\/2022\/08\/logo-cierre-1.png\" class=\"attachment-full size-full wp-image-3885\" alt=\"\" \/>\t\t\t\t\t\t\t\t\t\t\t\t\t\t\t<\/div>\n\t\t\t\t<\/div>\n\t\t\t\t\t<\/div>\n\t\t<\/div>\n\t\t\t\t\t<\/div>\n\t\t<\/section>\n\t\t\t\t<footer class=\"elementor-section elementor-top-section elementor-element elementor-element-e040868 elementor-section-full_width elementor-section-stretched elementor-section-height-default elementor-section-height-default\" data-id=\"e040868\" data-element_type=\"section\" data-e-type=\"section\" data-settings=\"{&quot;stretch_section&quot;:&quot;section-stretched&quot;}\">\n\t\t\t\t\t\t<div class=\"elementor-container elementor-column-gap-no\">\n\t\t\t\t\t<div class=\"elementor-column elementor-col-100 elementor-top-column elementor-element elementor-element-51ca43f\" data-id=\"51ca43f\" data-element_type=\"column\" data-e-type=\"column\">\n\t\t\t<div class=\"elementor-widget-wrap elementor-element-populated\">\n\t\t\t\t\t\t<div class=\"elementor-element elementor-element-f48ee28 elementor-widget elementor-widget-template\" data-id=\"f48ee28\" data-element_type=\"widget\" data-e-type=\"widget\" data-widget_type=\"template.default\">\n\t\t\t\t<div class=\"elementor-widget-container\">\n\t\t\t\t\t\t\t<div class=\"elementor-template\">\n\t\t\t\t\t<div data-elementor-type=\"section\" data-elementor-id=\"4490\" class=\"elementor elementor-4490\" data-elementor-post-type=\"elementor_library\">\n\t\t\t\t\t<section class=\"elementor-section elementor-top-section elementor-element elementor-element-479379da elementor-section-stretched elementor-section-full_width elementor-section-height-default elementor-section-height-default\" data-id=\"479379da\" data-element_type=\"section\" data-e-type=\"section\" data-settings=\"{&quot;stretch_section&quot;:&quot;section-stretched&quot;,&quot;background_background&quot;:&quot;classic&quot;}\">\n\t\t\t\t\t\t<div class=\"elementor-container elementor-column-gap-no\">\n\t\t\t\t\t<div class=\"elementor-column elementor-col-100 elementor-top-column elementor-element elementor-element-687a6c48\" data-id=\"687a6c48\" data-element_type=\"column\" data-e-type=\"column\" data-settings=\"{&quot;background_background&quot;:&quot;classic&quot;}\">\n\t\t\t<div class=\"elementor-widget-wrap elementor-element-populated\">\n\t\t\t\t\t\t<section class=\"elementor-section elementor-inner-section elementor-element elementor-element-70fc8a24 elementor-section-content-middle elementor-section-boxed elementor-section-height-default elementor-section-height-default\" data-id=\"70fc8a24\" data-element_type=\"section\" data-e-type=\"section\" data-settings=\"{&quot;background_background&quot;:&quot;classic&quot;}\">\n\t\t\t\t\t\t<div class=\"elementor-container elementor-column-gap-no\">\n\t\t\t\t\t<div class=\"elementor-column elementor-col-25 elementor-inner-column elementor-element elementor-element-5e59368a\" data-id=\"5e59368a\" data-element_type=\"column\" data-e-type=\"column\">\n\t\t\t<div class=\"elementor-widget-wrap elementor-element-populated\">\n\t\t\t\t\t\t<div class=\"elementor-element elementor-element-5291a0d8 elementor-hidden-tablet elementor-hidden-phone elementor-widget elementor-widget-image\" data-id=\"5291a0d8\" data-element_type=\"widget\" data-e-type=\"widget\" data-widget_type=\"image.default\">\n\t\t\t\t<div class=\"elementor-widget-container\">\n\t\t\t\t\t\t\t\t\t\t\t\t\t\t\t<img loading=\"lazy\" decoding=\"async\" width=\"129\" height=\"208\" src=\"https:\/\/metalteco.com\/wp-content\/uploads\/2022\/08\/ingeniero-metalteco.png\" class=\"attachment-full size-full wp-image-1609\" alt=\"Metalteco Engineer\" \/>\t\t\t\t\t\t\t\t\t\t\t\t\t\t\t<\/div>\n\t\t\t\t<\/div>\n\t\t\t\t\t<\/div>\n\t\t<\/div>\n\t\t\t\t<div class=\"elementor-column elementor-col-25 elementor-inner-column elementor-element elementor-element-ab2e13c elementor-hidden-tablet elementor-hidden-phone\" data-id=\"ab2e13c\" data-element_type=\"column\" data-e-type=\"column\">\n\t\t\t<div class=\"elementor-widget-wrap elementor-element-populated\">\n\t\t\t\t\t\t<div class=\"elementor-element elementor-element-517d3f2b elementor-hidden-phone elementor-widget elementor-widget-image\" data-id=\"517d3f2b\" data-element_type=\"widget\" data-e-type=\"widget\" data-widget_type=\"image.default\">\n\t\t\t\t<div class=\"elementor-widget-container\">\n\t\t\t\t\t\t\t\t\t\t\t\t\t\t\t<img loading=\"lazy\" decoding=\"async\" width=\"2\" height=\"40\" src=\"https:\/\/metalteco.com\/wp-content\/uploads\/2022\/08\/linea.png\" class=\"attachment-full size-full wp-image-1631\" alt=\"\" \/>\t\t\t\t\t\t\t\t\t\t\t\t\t\t\t<\/div>\n\t\t\t\t<\/div>\n\t\t\t\t\t<\/div>\n\t\t<\/div>\n\t\t\t\t<div class=\"elementor-column elementor-col-25 elementor-inner-column elementor-element elementor-element-6c2bfdab\" data-id=\"6c2bfdab\" data-element_type=\"column\" data-e-type=\"column\">\n\t\t\t<div class=\"elementor-widget-wrap elementor-element-populated\">\n\t\t\t\t\t\t<div class=\"elementor-element elementor-element-595fc588 elementor-widget elementor-widget-heading\" data-id=\"595fc588\" data-element_type=\"widget\" data-e-type=\"widget\" data-widget_type=\"heading.default\">\n\t\t\t\t<div class=\"elementor-widget-container\">\n\t\t\t\t\t<h3 class=\"elementor-heading-title elementor-size-default\">Questions?<\/h3>\t\t\t\t<\/div>\n\t\t\t\t<\/div>\n\t\t\t\t<div class=\"elementor-element elementor-element-389b7315 elementor-widget elementor-widget-text-editor\" data-id=\"389b7315\" data-element_type=\"widget\" data-e-type=\"widget\" data-widget_type=\"text-editor.default\">\n\t\t\t\t<div class=\"elementor-widget-container\">\n\t\t\t\t\t\t\t\t\t<p>DO NOT HESITATE TO CONTACT US.<\/p>\t\t\t\t\t\t\t\t<\/div>\n\t\t\t\t<\/div>\n\t\t\t\t\t<\/div>\n\t\t<\/div>\n\t\t\t\t<div class=\"elementor-column elementor-col-25 elementor-inner-column elementor-element elementor-element-6ef149ff\" data-id=\"6ef149ff\" data-element_type=\"column\" data-e-type=\"column\" data-settings=\"{&quot;background_background&quot;:&quot;classic&quot;}\">\n\t\t\t<div class=\"elementor-widget-wrap elementor-element-populated\">\n\t\t\t\t\t\t<div class=\"elementor-element elementor-element-47293cd6 elementor-align-justify elementor-widget elementor-widget-button\" data-id=\"47293cd6\" data-element_type=\"widget\" data-e-type=\"widget\" data-widget_type=\"button.default\">\n\t\t\t\t<div class=\"elementor-widget-container\">\n\t\t\t\t\t\t\t\t\t<div class=\"elementor-button-wrapper\">\n\t\t\t\t\t<a class=\"elementor-button elementor-button-link elementor-size-sm\" href=\"https:\/\/metalteco.com\/en\/contact\/\">\n\t\t\t\t\t\t<span class=\"elementor-button-content-wrapper\">\n\t\t\t\t\t\t\t\t\t<span class=\"elementor-button-text\">LET'S TALK<\/span>\n\t\t\t\t\t<\/span>\n\t\t\t\t\t<\/a>\n\t\t\t\t<\/div>\n\t\t\t\t\t\t\t\t<\/div>\n\t\t\t\t<\/div>\n\t\t\t\t\t<\/div>\n\t\t<\/div>\n\t\t\t\t\t<\/div>\n\t\t<\/section>\n\t\t\t\t\t<\/div>\n\t\t<\/div>\n\t\t\t\t\t<\/div>\n\t\t<\/section>\n\t\t\t\t<\/div>\n\t\t\t\t<\/div>\n\t\t\t\t\t\t<\/div>\n\t\t\t\t<\/div>\n\t\t\t\t\t<\/div>\n\t\t<\/div>\n\t\t\t\t\t<\/div>\n\t\t<\/footer>\n\t\t\t\t<\/div>","protected":false},"excerpt":{"rendered":"<p>ESTABILIDAD DE LAS VITAMINAS EN LOS ALIMENTOS BALANCEADOS. Hay varios factores que afectan a la estabilidad de las vitaminas en los alimentos concentrados. Estos factores pueden variar dependiendo de si las vitaminas se encuentran de forma natural en las materias primas o si se a\u00f1aden a la dieta en forma de premezcla. ESTABILIDAD DE LAS [&hellip;]<\/p>\n","protected":false},"author":3,"featured_media":221,"comment_status":"closed","ping_status":"open","sticky":false,"template":"elementor_header_footer","format":"standard","meta":{"_yoast_wpseo_focuskw":"","_yoast_wpseo_title":"","_yoast_wpseo_metadesc":"","site-sidebar-layout":"default","site-content-layout":"default","ast-site-content-layout":"default","site-content-style":"default","site-sidebar-style":"default","ast-global-header-display":"","ast-banner-title-visibility":"","ast-main-header-display":"","ast-hfb-above-header-display":"","ast-hfb-below-header-display":"","ast-hfb-mobile-header-display":"","site-post-title":"","ast-breadcrumbs-content":"","ast-featured-img":"","footer-sml-layout":"","ast-disable-related-posts":"","theme-transparent-header-meta":"default","adv-header-id-meta":"","stick-header-meta":"","header-above-stick-meta":"","header-main-stick-meta":"","header-below-stick-meta":"","astra-migrate-meta-layouts":"default","ast-page-background-enabled":"default","ast-page-background-meta":{"desktop":{"background-color":"var(--ast-global-color-4)","background-image":"","background-repeat":"repeat","background-position":"center center","background-size":"auto","background-attachment":"scroll","background-type":"","background-media":"","overlay-type":"","overlay-color":"","overlay-opacity":"","overlay-gradient":""},"tablet":{"background-color":"","background-image":"","background-repeat":"repeat","background-position":"center center","background-size":"auto","background-attachment":"scroll","background-type":"","background-media":"","overlay-type":"","overlay-color":"","overlay-opacity":"","overlay-gradient":""},"mobile":{"background-color":"","background-image":"","background-repeat":"repeat","background-position":"center center","background-size":"auto","background-attachment":"scroll","background-type":"","background-media":"","overlay-type":"","overlay-color":"","overlay-opacity":"","overlay-gradient":""}},"ast-content-background-meta":{"desktop":{"background-color":"var(--ast-global-color-5)","background-image":"","background-repeat":"repeat","background-position":"center center","background-size":"auto","background-attachment":"scroll","background-type":"","background-media":"","overlay-type":"","overlay-color":"","overlay-opacity":"","overlay-gradient":""},"tablet":{"background-color":"var(--ast-global-color-5)","background-image":"","background-repeat":"repeat","background-position":"center center","background-size":"auto","background-attachment":"scroll","background-type":"","background-media":"","overlay-type":"","overlay-color":"","overlay-opacity":"","overlay-gradient":""},"mobile":{"background-color":"var(--ast-global-color-5)","background-image":"","background-repeat":"repeat","background-position":"center center","background-size":"auto","background-attachment":"scroll","background-type":"","background-media":"","overlay-type":"","overlay-color":"","overlay-opacity":"","overlay-gradient":""}},"footnotes":""},"categories":[3],"tags":[],"class_list":["post-862","post","type-post","status-publish","format-standard","has-post-thumbnail","hentry","category-noticias-metalteco"],"yoast_head":"<!-- This site is optimized with the Yoast SEO plugin v27.3 - https:\/\/yoast.com\/product\/yoast-seo-wordpress\/ -->\n<title>Estabilidad de las Vitaminas en los Alimentos Balanceados - Plantas Completas para Alimentos Balanceados, Extracci\u00f3n de Aceite de Palma y Terminales Portuarias de Graneles Secos<\/title>\n<meta name=\"robots\" content=\"index, follow, max-snippet:-1, max-image-preview:large, max-video-preview:-1\" \/>\n<link rel=\"canonical\" href=\"https:\/\/metalteco.com\/en\/estabilidad-de-las-vitaminas-en-los-alimentos-balanceados\/\" \/>\n<meta property=\"og:locale\" content=\"en_US\" \/>\n<meta property=\"og:type\" content=\"article\" \/>\n<meta property=\"og:title\" content=\"Estabilidad de las Vitaminas en los Alimentos Balanceados - Plantas Completas para Alimentos Balanceados, Extracci\u00f3n de Aceite de Palma y Terminales Portuarias de Graneles Secos\" \/>\n<meta property=\"og:description\" content=\"ESTABILIDAD DE LAS VITAMINAS EN LOS ALIMENTOS BALANCEADOS. Hay varios factores que afectan a la estabilidad de las vitaminas en los alimentos concentrados. Estos factores pueden variar dependiendo de si las vitaminas se encuentran de forma natural en las materias primas o si se a\u00f1aden a la dieta en forma de premezcla. ESTABILIDAD DE LAS [&hellip;]\" \/>\n<meta property=\"og:url\" content=\"https:\/\/metalteco.com\/en\/estabilidad-de-las-vitaminas-en-los-alimentos-balanceados\/\" \/>\n<meta property=\"og:site_name\" content=\"Plantas Completas para Alimentos Balanceados, Extracci\u00f3n de Aceite de Palma y Terminales Portuarias de Graneles Secos\" \/>\n<meta property=\"article:publisher\" content=\"http:\/\/facebook.com\/metalteco\" \/>\n<meta property=\"article:published_time\" content=\"2020-08-20T10:59:15+00:00\" \/>\n<meta property=\"article:modified_time\" content=\"2022-10-06T16:30:50+00:00\" \/>\n<meta property=\"og:image\" content=\"https:\/\/metalteco.com\/wp-content\/uploads\/vitaminas-alimentos-balanceados.jpg\" \/>\n\t<meta property=\"og:image:width\" content=\"480\" \/>\n\t<meta property=\"og:image:height\" content=\"480\" \/>\n\t<meta property=\"og:image:type\" content=\"image\/jpeg\" \/>\n<meta name=\"author\" content=\"Rosemberg Parra Torres\" \/>\n<meta name=\"twitter:card\" content=\"summary_large_image\" \/>\n<meta name=\"twitter:label1\" content=\"Written by\" \/>\n\t<meta name=\"twitter:data1\" content=\"Rosemberg Parra Torres\" \/>\n\t<meta name=\"twitter:label2\" content=\"Est. reading time\" \/>\n\t<meta name=\"twitter:data2\" content=\"5 minutes\" \/>\n<script type=\"application\/ld+json\" class=\"yoast-schema-graph\">{\"@context\":\"https:\\\/\\\/schema.org\",\"@graph\":[{\"@type\":\"Article\",\"@id\":\"https:\\\/\\\/metalteco.com\\\/estabilidad-de-las-vitaminas-en-los-alimentos-balanceados\\\/#article\",\"isPartOf\":{\"@id\":\"https:\\\/\\\/metalteco.com\\\/estabilidad-de-las-vitaminas-en-los-alimentos-balanceados\\\/\"},\"author\":{\"name\":\"Rosemberg Parra Torres\",\"@id\":\"https:\\\/\\\/metalteco.com\\\/#\\\/schema\\\/person\\\/2daf1205a356946a4c6f4587da44dbb6\"},\"headline\":\"Estabilidad de las Vitaminas en los Alimentos Balanceados\",\"datePublished\":\"2020-08-20T10:59:15+00:00\",\"dateModified\":\"2022-10-06T16:30:50+00:00\",\"mainEntityOfPage\":{\"@id\":\"https:\\\/\\\/metalteco.com\\\/estabilidad-de-las-vitaminas-en-los-alimentos-balanceados\\\/\"},\"wordCount\":1087,\"publisher\":{\"@id\":\"https:\\\/\\\/metalteco.com\\\/#organization\"},\"image\":{\"@id\":\"https:\\\/\\\/metalteco.com\\\/estabilidad-de-las-vitaminas-en-los-alimentos-balanceados\\\/#primaryimage\"},\"thumbnailUrl\":\"https:\\\/\\\/metalteco.com\\\/wp-content\\\/uploads\\\/vitaminas-alimentos-balanceados.jpg\",\"articleSection\":[\"Noticias Metalteco\"],\"inLanguage\":\"en-US\"},{\"@type\":\"WebPage\",\"@id\":\"https:\\\/\\\/metalteco.com\\\/estabilidad-de-las-vitaminas-en-los-alimentos-balanceados\\\/\",\"url\":\"https:\\\/\\\/metalteco.com\\\/estabilidad-de-las-vitaminas-en-los-alimentos-balanceados\\\/\",\"name\":\"Estabilidad de las Vitaminas en los Alimentos Balanceados - Plantas Completas para Alimentos Balanceados, Extracci\u00f3n de Aceite de Palma y Terminales Portuarias de Graneles Secos\",\"isPartOf\":{\"@id\":\"https:\\\/\\\/metalteco.com\\\/#website\"},\"primaryImageOfPage\":{\"@id\":\"https:\\\/\\\/metalteco.com\\\/estabilidad-de-las-vitaminas-en-los-alimentos-balanceados\\\/#primaryimage\"},\"image\":{\"@id\":\"https:\\\/\\\/metalteco.com\\\/estabilidad-de-las-vitaminas-en-los-alimentos-balanceados\\\/#primaryimage\"},\"thumbnailUrl\":\"https:\\\/\\\/metalteco.com\\\/wp-content\\\/uploads\\\/vitaminas-alimentos-balanceados.jpg\",\"datePublished\":\"2020-08-20T10:59:15+00:00\",\"dateModified\":\"2022-10-06T16:30:50+00:00\",\"breadcrumb\":{\"@id\":\"https:\\\/\\\/metalteco.com\\\/estabilidad-de-las-vitaminas-en-los-alimentos-balanceados\\\/#breadcrumb\"},\"inLanguage\":\"en-US\",\"potentialAction\":[{\"@type\":\"ReadAction\",\"target\":[\"https:\\\/\\\/metalteco.com\\\/estabilidad-de-las-vitaminas-en-los-alimentos-balanceados\\\/\"]}]},{\"@type\":\"ImageObject\",\"inLanguage\":\"en-US\",\"@id\":\"https:\\\/\\\/metalteco.com\\\/estabilidad-de-las-vitaminas-en-los-alimentos-balanceados\\\/#primaryimage\",\"url\":\"https:\\\/\\\/metalteco.com\\\/wp-content\\\/uploads\\\/vitaminas-alimentos-balanceados.jpg\",\"contentUrl\":\"https:\\\/\\\/metalteco.com\\\/wp-content\\\/uploads\\\/vitaminas-alimentos-balanceados.jpg\",\"width\":480,\"height\":480,\"caption\":\"La estabilidad de algunas vitaminas, como la vitamina A, puede verse afectada negativamente si el forraje se almacena en silos mohosos o averiados durante largos per\u00edodos.\"},{\"@type\":\"BreadcrumbList\",\"@id\":\"https:\\\/\\\/metalteco.com\\\/estabilidad-de-las-vitaminas-en-los-alimentos-balanceados\\\/#breadcrumb\",\"itemListElement\":[{\"@type\":\"ListItem\",\"position\":1,\"name\":\"Portada\",\"item\":\"https:\\\/\\\/metalteco.com\\\/es\\\/\"},{\"@type\":\"ListItem\",\"position\":2,\"name\":\"Estabilidad de las Vitaminas en los Alimentos Balanceados\"}]},{\"@type\":\"WebSite\",\"@id\":\"https:\\\/\\\/metalteco.com\\\/#website\",\"url\":\"https:\\\/\\\/metalteco.com\\\/\",\"name\":\"Plantas Completas para Alimentos Balanceados, Extracci\u00f3n de Aceite de Palma y Terminales Portuarias de Graneles Secos\",\"description\":\"\u00a1Somo su Opci\u00f3n Total para el desarrollo de proyectos llave en mano!\",\"publisher\":{\"@id\":\"https:\\\/\\\/metalteco.com\\\/#organization\"},\"potentialAction\":[{\"@type\":\"SearchAction\",\"target\":{\"@type\":\"EntryPoint\",\"urlTemplate\":\"https:\\\/\\\/metalteco.com\\\/?s={search_term_string}\"},\"query-input\":{\"@type\":\"PropertyValueSpecification\",\"valueRequired\":true,\"valueName\":\"search_term_string\"}}],\"inLanguage\":\"en-US\"},{\"@type\":\"Organization\",\"@id\":\"https:\\\/\\\/metalteco.com\\\/#organization\",\"name\":\"Metalteco\",\"url\":\"https:\\\/\\\/metalteco.com\\\/\",\"logo\":{\"@type\":\"ImageObject\",\"inLanguage\":\"en-US\",\"@id\":\"https:\\\/\\\/metalteco.com\\\/#\\\/schema\\\/logo\\\/image\\\/\",\"url\":\"https:\\\/\\\/metalteco.com\\\/wp-content\\\/uploads\\\/2026\\\/03\\\/metalteco-logo-2026-color.png\",\"contentUrl\":\"https:\\\/\\\/metalteco.com\\\/wp-content\\\/uploads\\\/2026\\\/03\\\/metalteco-logo-2026-color.png\",\"width\":1920,\"height\":862,\"caption\":\"Metalteco\"},\"image\":{\"@id\":\"https:\\\/\\\/metalteco.com\\\/#\\\/schema\\\/logo\\\/image\\\/\"},\"sameAs\":[\"http:\\\/\\\/facebook.com\\\/metalteco\"]},{\"@type\":\"Person\",\"@id\":\"https:\\\/\\\/metalteco.com\\\/#\\\/schema\\\/person\\\/2daf1205a356946a4c6f4587da44dbb6\",\"name\":\"Rosemberg Parra Torres\",\"image\":{\"@type\":\"ImageObject\",\"inLanguage\":\"en-US\",\"@id\":\"https:\\\/\\\/secure.gravatar.com\\\/avatar\\\/e9ea15b44671c2502baf7bee42a4e946f8432c035980da301d567a2f2683f3f7?s=96&d=mm&r=g\",\"url\":\"https:\\\/\\\/secure.gravatar.com\\\/avatar\\\/e9ea15b44671c2502baf7bee42a4e946f8432c035980da301d567a2f2683f3f7?s=96&d=mm&r=g\",\"contentUrl\":\"https:\\\/\\\/secure.gravatar.com\\\/avatar\\\/e9ea15b44671c2502baf7bee42a4e946f8432c035980da301d567a2f2683f3f7?s=96&d=mm&r=g\",\"caption\":\"Rosemberg Parra Torres\"},\"sameAs\":[\"http:\\\/\\\/Evoplus.one\"],\"url\":\"https:\\\/\\\/metalteco.com\\\/en\\\/author\\\/administrador\\\/\"}]}<\/script>\n<!-- \/ Yoast SEO plugin. -->","yoast_head_json":{"title":"Estabilidad de las Vitaminas en los Alimentos Balanceados - Plantas Completas para Alimentos Balanceados, Extracci\u00f3n de Aceite de Palma y Terminales Portuarias de Graneles Secos","robots":{"index":"index","follow":"follow","max-snippet":"max-snippet:-1","max-image-preview":"max-image-preview:large","max-video-preview":"max-video-preview:-1"},"canonical":"https:\/\/metalteco.com\/en\/estabilidad-de-las-vitaminas-en-los-alimentos-balanceados\/","og_locale":"en_US","og_type":"article","og_title":"Estabilidad de las Vitaminas en los Alimentos Balanceados - Plantas Completas para Alimentos Balanceados, Extracci\u00f3n de Aceite de Palma y Terminales Portuarias de Graneles Secos","og_description":"ESTABILIDAD DE LAS VITAMINAS EN LOS ALIMENTOS BALANCEADOS. Hay varios factores que afectan a la estabilidad de las vitaminas en los alimentos concentrados. Estos factores pueden variar dependiendo de si las vitaminas se encuentran de forma natural en las materias primas o si se a\u00f1aden a la dieta en forma de premezcla. ESTABILIDAD DE LAS [&hellip;]","og_url":"https:\/\/metalteco.com\/en\/estabilidad-de-las-vitaminas-en-los-alimentos-balanceados\/","og_site_name":"Plantas Completas para Alimentos Balanceados, Extracci\u00f3n de Aceite de Palma y Terminales Portuarias de Graneles Secos","article_publisher":"http:\/\/facebook.com\/metalteco","article_published_time":"2020-08-20T10:59:15+00:00","article_modified_time":"2022-10-06T16:30:50+00:00","og_image":[{"width":480,"height":480,"url":"https:\/\/metalteco.com\/wp-content\/uploads\/vitaminas-alimentos-balanceados.jpg","type":"image\/jpeg"}],"author":"Rosemberg Parra Torres","twitter_card":"summary_large_image","twitter_misc":{"Written by":"Rosemberg Parra Torres","Est. reading time":"5 minutes"},"schema":{"@context":"https:\/\/schema.org","@graph":[{"@type":"Article","@id":"https:\/\/metalteco.com\/estabilidad-de-las-vitaminas-en-los-alimentos-balanceados\/#article","isPartOf":{"@id":"https:\/\/metalteco.com\/estabilidad-de-las-vitaminas-en-los-alimentos-balanceados\/"},"author":{"name":"Rosemberg Parra Torres","@id":"https:\/\/metalteco.com\/#\/schema\/person\/2daf1205a356946a4c6f4587da44dbb6"},"headline":"Estabilidad de las Vitaminas en los Alimentos Balanceados","datePublished":"2020-08-20T10:59:15+00:00","dateModified":"2022-10-06T16:30:50+00:00","mainEntityOfPage":{"@id":"https:\/\/metalteco.com\/estabilidad-de-las-vitaminas-en-los-alimentos-balanceados\/"},"wordCount":1087,"publisher":{"@id":"https:\/\/metalteco.com\/#organization"},"image":{"@id":"https:\/\/metalteco.com\/estabilidad-de-las-vitaminas-en-los-alimentos-balanceados\/#primaryimage"},"thumbnailUrl":"https:\/\/metalteco.com\/wp-content\/uploads\/vitaminas-alimentos-balanceados.jpg","articleSection":["Noticias Metalteco"],"inLanguage":"en-US"},{"@type":"WebPage","@id":"https:\/\/metalteco.com\/estabilidad-de-las-vitaminas-en-los-alimentos-balanceados\/","url":"https:\/\/metalteco.com\/estabilidad-de-las-vitaminas-en-los-alimentos-balanceados\/","name":"Estabilidad de las Vitaminas en los Alimentos Balanceados - Plantas Completas para Alimentos Balanceados, Extracci\u00f3n de Aceite de Palma y Terminales Portuarias de Graneles Secos","isPartOf":{"@id":"https:\/\/metalteco.com\/#website"},"primaryImageOfPage":{"@id":"https:\/\/metalteco.com\/estabilidad-de-las-vitaminas-en-los-alimentos-balanceados\/#primaryimage"},"image":{"@id":"https:\/\/metalteco.com\/estabilidad-de-las-vitaminas-en-los-alimentos-balanceados\/#primaryimage"},"thumbnailUrl":"https:\/\/metalteco.com\/wp-content\/uploads\/vitaminas-alimentos-balanceados.jpg","datePublished":"2020-08-20T10:59:15+00:00","dateModified":"2022-10-06T16:30:50+00:00","breadcrumb":{"@id":"https:\/\/metalteco.com\/estabilidad-de-las-vitaminas-en-los-alimentos-balanceados\/#breadcrumb"},"inLanguage":"en-US","potentialAction":[{"@type":"ReadAction","target":["https:\/\/metalteco.com\/estabilidad-de-las-vitaminas-en-los-alimentos-balanceados\/"]}]},{"@type":"ImageObject","inLanguage":"en-US","@id":"https:\/\/metalteco.com\/estabilidad-de-las-vitaminas-en-los-alimentos-balanceados\/#primaryimage","url":"https:\/\/metalteco.com\/wp-content\/uploads\/vitaminas-alimentos-balanceados.jpg","contentUrl":"https:\/\/metalteco.com\/wp-content\/uploads\/vitaminas-alimentos-balanceados.jpg","width":480,"height":480,"caption":"La estabilidad de algunas vitaminas, como la vitamina A, puede verse afectada negativamente si el forraje se almacena en silos mohosos o averiados durante largos per\u00edodos."},{"@type":"BreadcrumbList","@id":"https:\/\/metalteco.com\/estabilidad-de-las-vitaminas-en-los-alimentos-balanceados\/#breadcrumb","itemListElement":[{"@type":"ListItem","position":1,"name":"Portada","item":"https:\/\/metalteco.com\/es\/"},{"@type":"ListItem","position":2,"name":"Estabilidad de las Vitaminas en los Alimentos Balanceados"}]},{"@type":"WebSite","@id":"https:\/\/metalteco.com\/#website","url":"https:\/\/metalteco.com\/","name":"Plantas Completas para Alimentos Balanceados, Extracci\u00f3n de Aceite de Palma y Terminales Portuarias de Graneles Secos","description":"\u00a1Somo su Opci\u00f3n Total para el desarrollo de proyectos llave en mano!","publisher":{"@id":"https:\/\/metalteco.com\/#organization"},"potentialAction":[{"@type":"SearchAction","target":{"@type":"EntryPoint","urlTemplate":"https:\/\/metalteco.com\/?s={search_term_string}"},"query-input":{"@type":"PropertyValueSpecification","valueRequired":true,"valueName":"search_term_string"}}],"inLanguage":"en-US"},{"@type":"Organization","@id":"https:\/\/metalteco.com\/#organization","name":"Metalteco","url":"https:\/\/metalteco.com\/","logo":{"@type":"ImageObject","inLanguage":"en-US","@id":"https:\/\/metalteco.com\/#\/schema\/logo\/image\/","url":"https:\/\/metalteco.com\/wp-content\/uploads\/2026\/03\/metalteco-logo-2026-color.png","contentUrl":"https:\/\/metalteco.com\/wp-content\/uploads\/2026\/03\/metalteco-logo-2026-color.png","width":1920,"height":862,"caption":"Metalteco"},"image":{"@id":"https:\/\/metalteco.com\/#\/schema\/logo\/image\/"},"sameAs":["http:\/\/facebook.com\/metalteco"]},{"@type":"Person","@id":"https:\/\/metalteco.com\/#\/schema\/person\/2daf1205a356946a4c6f4587da44dbb6","name":"Rosemberg Parra Torres","image":{"@type":"ImageObject","inLanguage":"en-US","@id":"https:\/\/secure.gravatar.com\/avatar\/e9ea15b44671c2502baf7bee42a4e946f8432c035980da301d567a2f2683f3f7?s=96&d=mm&r=g","url":"https:\/\/secure.gravatar.com\/avatar\/e9ea15b44671c2502baf7bee42a4e946f8432c035980da301d567a2f2683f3f7?s=96&d=mm&r=g","contentUrl":"https:\/\/secure.gravatar.com\/avatar\/e9ea15b44671c2502baf7bee42a4e946f8432c035980da301d567a2f2683f3f7?s=96&d=mm&r=g","caption":"Rosemberg Parra Torres"},"sameAs":["http:\/\/Evoplus.one"],"url":"https:\/\/metalteco.com\/en\/author\/administrador\/"}]}},"_links":{"self":[{"href":"https:\/\/metalteco.com\/en\/wp-json\/wp\/v2\/posts\/862","targetHints":{"allow":["GET"]}}],"collection":[{"href":"https:\/\/metalteco.com\/en\/wp-json\/wp\/v2\/posts"}],"about":[{"href":"https:\/\/metalteco.com\/en\/wp-json\/wp\/v2\/types\/post"}],"author":[{"embeddable":true,"href":"https:\/\/metalteco.com\/en\/wp-json\/wp\/v2\/users\/3"}],"replies":[{"embeddable":true,"href":"https:\/\/metalteco.com\/en\/wp-json\/wp\/v2\/comments?post=862"}],"version-history":[{"count":17,"href":"https:\/\/metalteco.com\/en\/wp-json\/wp\/v2\/posts\/862\/revisions"}],"predecessor-version":[{"id":7862,"href":"https:\/\/metalteco.com\/en\/wp-json\/wp\/v2\/posts\/862\/revisions\/7862"}],"wp:featuredmedia":[{"embeddable":true,"href":"https:\/\/metalteco.com\/en\/wp-json\/wp\/v2\/media\/221"}],"wp:attachment":[{"href":"https:\/\/metalteco.com\/en\/wp-json\/wp\/v2\/media?parent=862"}],"wp:term":[{"taxonomy":"category","embeddable":true,"href":"https:\/\/metalteco.com\/en\/wp-json\/wp\/v2\/categories?post=862"},{"taxonomy":"post_tag","embeddable":true,"href":"https:\/\/metalteco.com\/en\/wp-json\/wp\/v2\/tags?post=862"}],"curies":[{"name":"wp","href":"https:\/\/api.w.org\/{rel}","templated":true}]}}